{"id":338126,"date":"2024-10-07T00:01:11","date_gmt":"2024-10-07T03:01:11","guid":{"rendered":"https:\/\/www.notibras.com\/site\/?p=338126"},"modified":"2024-10-07T08:02:51","modified_gmt":"2024-10-07T11:02:51","slug":"asfalto-chega-a-cinco-quadras-com-investimento-de-27-milhoes","status":"publish","type":"post","link":"https:\/\/www.notibras.com\/site\/asfalto-chega-a-cinco-quadras-com-investimento-de-27-milhoes\/","title":{"rendered":"Asfalto chega a cinco quadras, com investimento de 27 milh\u00f5es"},"content":{"rendered":"<p>Em frente \u00e0 casa de Valdilene Guedes, na quadra 378 do Itapo\u00e3, h\u00e1 uma amarelinha \u2014 aquela mesmo, da brincadeira infantil \u2014 pintada no ch\u00e3o. Algo simples, mas inimagin\u00e1vel at\u00e9 bem pouco tempo atr\u00e1s, por um motivo \u00f3bvio: a rua n\u00e3o era asfaltada. Hoje, por\u00e9m, a realidade \u00e9 outra.<\/p>\n<p>\u201cNo fim da tarde, tem crian\u00e7a andando aqui de patins, de patinete\u2026 Eu tenho um bebezinho de quatro meses e foi t\u00e3o bom poder ir ao posto de sa\u00fade com ele no carrinho, porque antes a gente n\u00e3o podia\u201d, conta a terapeuta. \u201c\u00c9 muita felicidade. Parece ser simples para as pessoas que j\u00e1 t\u00eam, mas, para n\u00f3s que n\u00e3o t\u00ednhamos, era algo que faltava muito\u201d, acrescenta.<\/p>\n<p>E essa felicidade \u00e9 compartilhada por moradores de outras \u00e1reas do Itapo\u00e3. Nos \u00faltimos meses, cinco quadras receberam obras de pavimenta\u00e7\u00e3o, drenagem e constru\u00e7\u00e3o de cal\u00e7adas, com investimento total de cerca de R$ 27 milh\u00f5es. Na 378 e na 379, o asfalto j\u00e1 est\u00e1 conclu\u00eddo, restando apenas a constru\u00e7\u00e3o dos meios-fios e a sinaliza\u00e7\u00e3o vertical e horizontal. Na 202, 203 e 318, o processo de pavimenta\u00e7\u00e3o j\u00e1 foi iniciado.<\/p>\n<p>O administrador regional, Dilson Bulh\u00f5es, destaca que, al\u00e9m de acabarem com o problema da lama e da poeira para os moradores, as obras tamb\u00e9m v\u00e3o contribuir para evitar alagamentos. \u201cPara a popula\u00e7\u00e3o, vai melhorar muito em v\u00e1rios aspectos. Desde reduzir o risco de enchente at\u00e9 uma melhora na qualidade da sa\u00fade da pessoa. Tamb\u00e9m vai melhorar para o meio ambiente, j\u00e1 que n\u00f3s n\u00e3o teremos mais aquela eros\u00e3o. \u00c9 uma obra que, para muitos \u00e9 s\u00f3 um asfalto, mas, para a popula\u00e7\u00e3o, realmente \u00e9 qualidade de vida.\u201d<\/p>\n<p>J\u00e1 o coordenador do Polo Leste do GDF Presente, J\u00fanior Carvalho, lembra das outras obras de infraestrutura realizadas na regi\u00e3o. \u201cEssa quest\u00e3o da mobilidade \u00e9 uma quest\u00e3o que o governo Ibaneis Rocha tem se preocupado muito no Distrito Federal. A cidade foi agraciada com a duplica\u00e7\u00e3o da DF-250, com a inaugura\u00e7\u00e3o do viaduto entre Parano\u00e1 e Itapo\u00e3 e essas quadras aqui s\u00e3o as \u00faltimas a serem asfaltadas no Itapo\u00e3. Era uma reivindica\u00e7\u00e3o muito antiga da popula\u00e7\u00e3o e da comunidade, que est\u00e1 sendo atendida agora\u201d, enfatiza.<\/p>\n<p>Morador do Itapo\u00e3 e pastor de uma igreja tamb\u00e9m na 378, Elton Mendes \u00e9 outro a celebrar os trabalhos feitos na regi\u00e3o: \u201cAntes era esburacado, tinha problema de chuva [alagamento], era \u00e1gua para todo lado. Agora \u00e9 felicidade. O povo est\u00e1 todo feliz\u201d.<\/p>\n<p><strong>Obras<\/strong><br \/>\nDesde 2019, o Governo do Distrito Federal (GDF) executou diversas obras no Itapo\u00e3 para melhorar a vida dos 65 mil moradores da regi\u00e3o. Al\u00e9m das quadras, tamb\u00e9m foram pavimentados trechos da Avenida Brasil e da marginal da DF-001. Na DF-250, est\u00e3o sendo constru\u00eddos dois novos retornos para atender a regi\u00e3o do chamado Itapo\u00e3 I e os condom\u00ednios Novo Horizonte e Mans\u00f5es Entre Lagos.<\/p>\n<p>Ainda na infraestrutura, em abril deste ano foi inaugurado o viaduto Itapo\u00e3\/Parano\u00e1. Com investimento de R$ 95 milh\u00f5es, ele \u00e9 a maior obra do Complexo Vi\u00e1rio Sa\u00edda Leste e atende, diariamente, 60 mil motoristas que trafegam pela \u00e1rea. O n\u00facleo rural tamb\u00e9m foi atendido. O C\u00f3rrego B\u00e1lsamo ganhou novas cal\u00e7adas. No Cap\u00e3o da Erva, foi feita a fresagem da estrada e, mais recentemente, a constru\u00e7\u00e3o de bols\u00f5es para evitar alagamentos e enxurradas.<\/p>\n<p>Neste ano, a popula\u00e7\u00e3o ganhou ainda a nova rodovi\u00e1ria, que recebeu investimento de R$ 5,6 milh\u00f5es e atende mais de 30 mil pessoas. Outro desejo antigo dos moradores caminha para virar realidade: a Feira Permanente, que contar\u00e1 com 248 boxes e oito quiosques.<\/p>\n","protected":false},"excerpt":{"rendered":"<p>Em frente \u00e0 casa de Valdilene Guedes, na quadra 378 do Itapo\u00e3, h\u00e1 uma amarelinha \u2014 aquela mesmo, da brincadeira infantil \u2014 pintada no ch\u00e3o. Algo simples, mas inimagin\u00e1vel at\u00e9 bem pouco tempo atr\u00e1s, por um motivo \u00f3bvio: a rua n\u00e3o era asfaltada. Hoje, por\u00e9m, a realidade \u00e9 outra. \u201cNo fim da tarde, tem crian\u00e7a [&hellip;]<\/p>\n","protected":false},"author":2,"featured_media":338127,"comment_status":"closed","ping_status":"closed","sticky":false,"template":"","format":"standard","meta":{"_acf_changed":false,"footnotes":""},"categories":[161],"tags":[],"class_list":["post-338126","post","type-post","status-publish","format-standard","has-post-thumbnail","hentry","category-quadradinho-em-foco"],"acf":[],"_links":{"self":[{"href":"https:\/\/www.notibras.com\/site\/wp-json\/wp\/v2\/posts\/338126","targetHints":{"allow":["GET"]}}],"collection":[{"href":"https:\/\/www.notibras.com\/site\/wp-json\/wp\/v2\/posts"}],"about":[{"href":"https:\/\/www.notibras.com\/site\/wp-json\/wp\/v2\/types\/post"}],"author":[{"embeddable":true,"href":"https:\/\/www.notibras.com\/site\/wp-json\/wp\/v2\/users\/2"}],"replies":[{"embeddable":true,"href":"https:\/\/www.notibras.com\/site\/wp-json\/wp\/v2\/comments?post=338126"}],"version-history":[{"count":1,"href":"https:\/\/www.notibras.com\/site\/wp-json\/wp\/v2\/posts\/338126\/revisions"}],"predecessor-version":[{"id":338128,"href":"https:\/\/www.notibras.com\/site\/wp-json\/wp\/v2\/posts\/338126\/revisions\/338128"}],"wp:featuredmedia":[{"embeddable":true,"href":"https:\/\/www.notibras.com\/site\/wp-json\/wp\/v2\/media\/338127"}],"wp:attachment":[{"href":"https:\/\/www.notibras.com\/site\/wp-json\/wp\/v2\/media?parent=338126"}],"wp:term":[{"taxonomy":"category","embeddable":true,"href":"https:\/\/www.notibras.com\/site\/wp-json\/wp\/v2\/categories?post=338126"},{"taxonomy":"post_tag","embeddable":true,"href":"https:\/\/www.notibras.com\/site\/wp-json\/wp\/v2\/tags?post=338126"}],"curies":[{"name":"wp","href":"https:\/\/api.w.org\/{rel}","templated":true}]}}