{"id":338129,"date":"2024-10-07T06:26:26","date_gmt":"2024-10-07T09:26:26","guid":{"rendered":"https:\/\/www.notibras.com\/site\/?p=338129"},"modified":"2024-10-07T08:28:48","modified_gmt":"2024-10-07T11:28:48","slug":"garoa-da-as-caras-anunciando-que-chuvas-estao-chegando","status":"publish","type":"post","link":"https:\/\/www.notibras.com\/site\/garoa-da-as-caras-anunciando-que-chuvas-estao-chegando\/","title":{"rendered":"Garoa d\u00e1 as caras anunciando que chuvas est\u00e3o chegando"},"content":{"rendered":"<p>Uma garoazinha na noite desta segunda, 7, deve ser o pren\u00fancio do fim da mais longa estiagem que Bras\u00edlia vive desde a sua funda\u00e7\u00e3o. Mas chuva de verdade somente na quarta-feira, 9, informa o Inmet. O calor come\u00e7a a diminuir abaixo da casa dos 30 graus e a umidade relativa do ar, beirando os 40%, j\u00e1 n\u00e3o \u00e9 mais motivo de preocupa\u00e7\u00e3o.<\/p>\n<p>Enquanto isso, autoridades do tr\u00e2nsito avisam que como temporada de chuvas est\u00e1 prestes o motorista deve estar mais aten\u00e7\u00e3o ao volante. O quadro que se desenha requer mais aten\u00e7\u00e3o devido ao asfalto molhado e \u00e0 baixa visibilidade, que aumentam o risco de acidentes. Para evitar incidentes, a preven\u00e7\u00e3o \u00e9 a melhor estrat\u00e9gia.<\/p>\n<p>Reduzir a velocidade e manter uma dist\u00e2ncia segura entre os ve\u00edculos s\u00e3o algumas das diretrizes sugeridas pela gerente de A\u00e7\u00e3o Educativa do Detran, Magda Brand\u00e3o. \u201cO motorista precisa ficar atento com o asfalto, porque ap\u00f3s um per\u00edodo muito longo de seca, o pavimento acumula poeira e res\u00edduos que, misturados com a chuva, podem favorecer a perda do contato do pneu com o solo e o deslizamento\u201d, explica.<\/p>\n<p>Em casos de chuva intensa, a recomenda\u00e7\u00e3o \u00e9 que os motoristas evitem dirigir, se poss\u00edvel. \u201cA forma mais correta e segura \u00e9 procurar um estacionamento regular para parar, no caso de chuva muito forte. O motorista n\u00e3o pode parar no acostamento e nem pr\u00f3ximo \u00e0 via, porque pode causar um acidente\u201d, revela a gerente. Quando n\u00e3o for poss\u00edvel parar, Magda sugere reduzir a velocidade, aumentar a aten\u00e7\u00e3o e manter os vidros desemba\u00e7ados, utilizando o ar-condicionado, o desemba\u00e7ador ou abrindo um pouco as janelas.<\/p>\n","protected":false},"excerpt":{"rendered":"<p>Uma garoazinha na noite desta segunda, 7, deve ser o pren\u00fancio do fim da mais longa estiagem que Bras\u00edlia vive desde a sua funda\u00e7\u00e3o. Mas chuva de verdade somente na quarta-feira, 9, informa o Inmet. O calor come\u00e7a a diminuir abaixo da casa dos 30 graus e a umidade relativa do ar, beirando os 40%, [&hellip;]<\/p>\n","protected":false},"author":2,"featured_media":338130,"comment_status":"closed","ping_status":"closed","sticky":false,"template":"","format":"standard","meta":{"_acf_changed":false,"footnotes":""},"categories":[161],"tags":[],"class_list":["post-338129","post","type-post","status-publish","format-standard","has-post-thumbnail","hentry","category-quadradinho-em-foco"],"acf":[],"_links":{"self":[{"href":"https:\/\/www.notibras.com\/site\/wp-json\/wp\/v2\/posts\/338129","targetHints":{"allow":["GET"]}}],"collection":[{"href":"https:\/\/www.notibras.com\/site\/wp-json\/wp\/v2\/posts"}],"about":[{"href":"https:\/\/www.notibras.com\/site\/wp-json\/wp\/v2\/types\/post"}],"author":[{"embeddable":true,"href":"https:\/\/www.notibras.com\/site\/wp-json\/wp\/v2\/users\/2"}],"replies":[{"embeddable":true,"href":"https:\/\/www.notibras.com\/site\/wp-json\/wp\/v2\/comments?post=338129"}],"version-history":[{"count":1,"href":"https:\/\/www.notibras.com\/site\/wp-json\/wp\/v2\/posts\/338129\/revisions"}],"predecessor-version":[{"id":338131,"href":"https:\/\/www.notibras.com\/site\/wp-json\/wp\/v2\/posts\/338129\/revisions\/338131"}],"wp:featuredmedia":[{"embeddable":true,"href":"https:\/\/www.notibras.com\/site\/wp-json\/wp\/v2\/media\/338130"}],"wp:attachment":[{"href":"https:\/\/www.notibras.com\/site\/wp-json\/wp\/v2\/media?parent=338129"}],"wp:term":[{"taxonomy":"category","embeddable":true,"href":"https:\/\/www.notibras.com\/site\/wp-json\/wp\/v2\/categories?post=338129"},{"taxonomy":"post_tag","embeddable":true,"href":"https:\/\/www.notibras.com\/site\/wp-json\/wp\/v2\/tags?post=338129"}],"curies":[{"name":"wp","href":"https:\/\/api.w.org\/{rel}","templated":true}]}}