{"id":338202,"date":"2024-10-08T08:52:44","date_gmt":"2024-10-08T11:52:44","guid":{"rendered":"https:\/\/www.notibras.com\/site\/?p=338202"},"modified":"2024-10-08T08:52:44","modified_gmt":"2024-10-08T11:52:44","slug":"mudancas-climaticas-transformam-rios-perenes-em-caminhos-de-gado","status":"publish","type":"post","link":"https:\/\/www.notibras.com\/site\/mudancas-climaticas-transformam-rios-perenes-em-caminhos-de-gado\/","title":{"rendered":"Mudan\u00e7as clim\u00e1ticas transformam rios perenes em caminhos de gado"},"content":{"rendered":"<p>A baixa temporada de chuvas este ano, prolongando uma seca hist\u00f3rica que sempre atingiu o Nordeste brasileiro, est\u00e1 causando impactos devastadores nos recursos h\u00eddricos da regi\u00e3o, transformando rios outrora perenes em trilhas \u00e1ridas usadas por rebanhos de gado. Esta situa\u00e7\u00e3o extrema \u00e9 resultado direto das mudan\u00e7as clim\u00e1ticas, que t\u00eam intensificado a irregularidade das chuvas e aumentado as temperaturas, criando um cen\u00e1rio de escassez prolongada de \u00e1gua.<\/p>\n<p>Historicamente, os rios perenes do Nordeste, como o S\u00e3o Francisco, o Piranhas-A\u00e7u e o Jaguaribe, eram a principal fonte de abastecimento para a agricultura, comunidades ribeirinhas e a fauna local. No entanto, nos \u00faltimos anos, muitos desses rios est\u00e3o enfrentando per\u00edodos mais longos de seca, o que tem reduzido drasticamente seus n\u00edveis de \u00e1gua. Em alguns casos, leitos antes volumosos agora se encontram secos, expondo pedras e lama rachada sob o sol intenso.<\/p>\n<p>Agricultores da regi\u00e3o relatam que, sem \u00e1gua para irrigar as planta\u00e7\u00f5es, a cria\u00e7\u00e3o de gado tornou-se uma alternativa de sobreviv\u00eancia, levando ao uso das margens secas dos rios como pastagens improvisadas. Em busca de comida e \u00e1gua, rebanhos atravessam os antigos leitos fluviais, que se transformaram em &#8220;caminhos de gado&#8221;, uma imagem emblem\u00e1tica da nova realidade imposta pela seca.<\/p>\n<p>As consequ\u00eancias desse fen\u00f4meno v\u00e3o al\u00e9m da quest\u00e3o agr\u00edcola. O desequil\u00edbrio ecol\u00f3gico gerado pela falta de \u00e1gua tem amea\u00e7ado a biodiversidade da regi\u00e3o, comprometendo a sobreviv\u00eancia de esp\u00e9cies aqu\u00e1ticas e migrat\u00f3rias. As comunidades ribeirinhas, por sua vez, enfrentam uma crise de abastecimento, recorrendo a solu\u00e7\u00f5es emergenciais como caminh\u00f5es-pipa e po\u00e7os artesianos, que nem sempre garantem a qualidade da \u00e1gua necess\u00e1ria.<\/p>\n<p>Especialistas apontam que as mudan\u00e7as clim\u00e1ticas t\u00eam desempenhado um papel crucial na intensifica\u00e7\u00e3o desses eventos de seca. O aumento da temperatura global, impulsionado pela emiss\u00e3o de gases de efeito estufa, provoca uma maior evapora\u00e7\u00e3o da \u00e1gua dispon\u00edvel e contribui para a redu\u00e7\u00e3o das chuvas, especialmente em regi\u00f5es semi\u00e1ridas como o sert\u00e3o nordestino.<\/p>\n<p>A previs\u00e3o de meteorologistas n\u00e3o \u00e9 otimista. Estudos indicam que, se medidas urgentes n\u00e3o forem tomadas para mitigar os efeitos das mudan\u00e7as clim\u00e1ticas e melhorar a gest\u00e3o h\u00eddrica, o quadro de desertifica\u00e7\u00e3o na regi\u00e3o poder\u00e1 se agravar nas pr\u00f3ximas d\u00e9cadas, comprometendo ainda mais a sustentabilidade do bioma e das popula\u00e7\u00f5es locais.<\/p>\n<p>Enquanto isso, as autoridades locais e organiza\u00e7\u00f5es da sociedade civil trabalham para implementar projetos de adapta\u00e7\u00e3o \u00e0 seca, como a constru\u00e7\u00e3o de cisternas e barragens subterr\u00e2neas. No entanto, tais iniciativas ainda s\u00e3o insuficientes frente \u00e0 magnitude do problema, e a necessidade de um esfor\u00e7o coordenado em escala nacional e global \u00e9 cada vez mais urgente para reverter ou, pelo menos, amenizar os impactos das mudan\u00e7as clim\u00e1ticas sobre o semi\u00e1rido nordestino.<\/p>\n","protected":false},"excerpt":{"rendered":"<p>A baixa temporada de chuvas este ano, prolongando uma seca hist\u00f3rica que sempre atingiu o Nordeste brasileiro, est\u00e1 causando impactos devastadores nos recursos h\u00eddricos da regi\u00e3o, transformando rios outrora perenes em trilhas \u00e1ridas usadas por rebanhos de gado. Esta situa\u00e7\u00e3o extrema \u00e9 resultado direto das mudan\u00e7as clim\u00e1ticas, que t\u00eam intensificado a irregularidade das chuvas e [&hellip;]<\/p>\n","protected":false},"author":2,"featured_media":153007,"comment_status":"closed","ping_status":"closed","sticky":false,"template":"","format":"standard","meta":{"_acf_changed":false,"footnotes":""},"categories":[165],"tags":[],"class_list":["post-338202","post","type-post","status-publish","format-standard","has-post-thumbnail","hentry","category-nordeste"],"acf":[],"_links":{"self":[{"href":"https:\/\/www.notibras.com\/site\/wp-json\/wp\/v2\/posts\/338202","targetHints":{"allow":["GET"]}}],"collection":[{"href":"https:\/\/www.notibras.com\/site\/wp-json\/wp\/v2\/posts"}],"about":[{"href":"https:\/\/www.notibras.com\/site\/wp-json\/wp\/v2\/types\/post"}],"author":[{"embeddable":true,"href":"https:\/\/www.notibras.com\/site\/wp-json\/wp\/v2\/users\/2"}],"replies":[{"embeddable":true,"href":"https:\/\/www.notibras.com\/site\/wp-json\/wp\/v2\/comments?post=338202"}],"version-history":[{"count":1,"href":"https:\/\/www.notibras.com\/site\/wp-json\/wp\/v2\/posts\/338202\/revisions"}],"predecessor-version":[{"id":338203,"href":"https:\/\/www.notibras.com\/site\/wp-json\/wp\/v2\/posts\/338202\/revisions\/338203"}],"wp:featuredmedia":[{"embeddable":true,"href":"https:\/\/www.notibras.com\/site\/wp-json\/wp\/v2\/media\/153007"}],"wp:attachment":[{"href":"https:\/\/www.notibras.com\/site\/wp-json\/wp\/v2\/media?parent=338202"}],"wp:term":[{"taxonomy":"category","embeddable":true,"href":"https:\/\/www.notibras.com\/site\/wp-json\/wp\/v2\/categories?post=338202"},{"taxonomy":"post_tag","embeddable":true,"href":"https:\/\/www.notibras.com\/site\/wp-json\/wp\/v2\/tags?post=338202"}],"curies":[{"name":"wp","href":"https:\/\/api.w.org\/{rel}","templated":true}]}}