{"id":338204,"date":"2024-10-08T08:25:21","date_gmt":"2024-10-08T11:25:21","guid":{"rendered":"https:\/\/www.notibras.com\/site\/?p=338204"},"modified":"2024-10-08T09:10:13","modified_gmt":"2024-10-08T12:10:13","slug":"programas-sociais-somem-na-poeira-e-levam-junto-os-votos-do-pt","status":"publish","type":"post","link":"https:\/\/www.notibras.com\/site\/programas-sociais-somem-na-poeira-e-levam-junto-os-votos-do-pt\/","title":{"rendered":"Programas sociais somem na poeira e levam junto os votos do PT"},"content":{"rendered":"<p>Nas vastid\u00f5es secas do sert\u00e3o nordestino, onde a terra rachada reflete a dureza da vida de muitos, um fen\u00f4meno inesperado emergi das urnas das elei\u00e7\u00f5es municipais de 6 de outubro. No tradicional reduto do Partido dos Trabalhadores, o cen\u00e1rio pol\u00edtico come\u00e7ou a mudar, mas n\u00e3o por raz\u00f5es de ideologia ou polariza\u00e7\u00e3o pol\u00edtica. A verdadeira mudan\u00e7a parece estar vindo da pr\u00f3pria poeira do ch\u00e3o nordestino, onde antes germinavam programas sociais que sustentavam o apoio popular.<\/p>\n<p>Historicamente, o PT construiu uma base s\u00f3lida no Nordeste, em grande parte gra\u00e7as a programas como o Bolsa Fam\u00edlia, que por anos injetou al\u00edvio econ\u00f4mico em milhares de fam\u00edlias em situa\u00e7\u00e3o de vulnerabilidade. As elei\u00e7\u00f5es presidenciais sempre refletiram essa conex\u00e3o, com o PT colhendo altos \u00edndices de vota\u00e7\u00e3o em estados como Pernambuco, Cear\u00e1, Piau\u00ed e Bahia. Contudo, nas elei\u00e7\u00f5es municipais, algo parece ter mudado, e o sentimento fracasso no ar seco das pequenas cidades, com minguados votos em candidatos do PT.<\/p>\n<p>N\u00e3o foi a chegada de uma nova ideologia conservadora que fez com que os eleitores revisassem suas prefer\u00eancias. A desilus\u00e3o foi causada pela falta de continuidade e pela eros\u00e3o dos programas sociais que antes lhes ofereciam um respiro. Ao longo dos \u00faltimos anos, a presen\u00e7a desses benef\u00edcios foi encolhendo; promessas feitas e n\u00e3o cumpridas foram engolidas pela poeira dos descasos e das crises. O corte de recursos e o atraso nos pagamentos de aux\u00edlios t\u00eam transformado a percep\u00e7\u00e3o dos eleitores.<\/p>\n<p>&#8220;Antes, o Bolsa Fam\u00edlia era o que nos segurava. Agora a gente s\u00f3 fica esperando&#8230; esperando, e nada&#8221;, diz Dona Maria Francisca, uma moradora de um pequeno povoado no interior de Sergipe. Ela lembra dos tempos em que os candidatos do PT faziam fila para serem bem recebidos nas campanhas. &#8220;Era autom\u00e1tico: eles vinham, e a gente j\u00e1 sabia que nosso voto era deles. Mas agora, quem est\u00e1 olhando pela gente?&#8221;<\/p>\n<p>A aus\u00eancia dos programas sociais ressoou profundamente. As pr\u00e1ticas de carreatas e com\u00edcios n\u00e3o foram mais suficientes para encobrir o sentimento de abandono que permeia os bairros mais carentes. O descontentamento n\u00e3o \u00e9 apenas financeiro, mas tamb\u00e9m emocional. O voto, que antes era quase um s\u00edmbolo de gratid\u00e3o pelos benef\u00edcios recebidos, agora \u00e9 moldado pela frustra\u00e7\u00e3o com um governo que deixou de entregar o que prometeu.<\/p>\n<p>Nas ruas das pequenas cidades, as mudan\u00e7as foram sentidas. Muitos candidatos, aliados ao PT, encontraram resist\u00eancia em antigas bases eleitorais. \u201cEles prometiam o que o governo federal ia trazer. Mas como prometer algo que j\u00e1 n\u00e3o chega mais?&#8221;, comenta Jo\u00e3o Carlos, um l\u00edder comunit\u00e1rio no sert\u00e3o baiano.<\/p>\n<p>Os candidatos de partidos opositores, antes sem chances reais de vit\u00f3ria em regi\u00f5es dominadas pelo PT, agora ganham espa\u00e7o. Promessas de alternativas aos programas federais surgem como novo foco de campanha. Ofertas de parcerias estaduais e privadas para resolver problemas locais, como a seca e a falta de empregos, ganham f\u00f4lego.<\/p>\n<p>Em meio \u00e0 aridez do sert\u00e3o, os partidos precisam encontrar novas formas de atrair eleitores desiludidos, enquanto o PT v\u00ea suas ra\u00edzes hist\u00f3ricas secarem diante do deserto social que se criou. O solo nordestino, sempre \u00e1rido, agora reflete tamb\u00e9m o abandono dos programas sociais. Com eles, o PT viu escapar, na poeira do sert\u00e3o, o apoio que por tanto tempo lhe garantiu votos.<\/p>\n<p>As elei\u00e7\u00f5es municipais mostraram isso. N\u00e3o apenas para o PT, mas para a din\u00e2mica pol\u00edtica do Nordeste. O que emergiu das urnas poder\u00e1 reescrever o mapa eleitoral da regi\u00e3o. O sert\u00e3o, que tanto sofreu com a seca f\u00edsica, agora enfrenta uma seca pol\u00edtica e social que redefine seu futuro.<\/p>\n","protected":false},"excerpt":{"rendered":"<p>Nas vastid\u00f5es secas do sert\u00e3o nordestino, onde a terra rachada reflete a dureza da vida de muitos, um fen\u00f4meno inesperado emergi das urnas das elei\u00e7\u00f5es municipais de 6 de outubro. No tradicional reduto do Partido dos Trabalhadores, o cen\u00e1rio pol\u00edtico come\u00e7ou a mudar, mas n\u00e3o por raz\u00f5es de ideologia ou polariza\u00e7\u00e3o pol\u00edtica. A verdadeira mudan\u00e7a [&hellip;]<\/p>\n","protected":false},"author":2,"featured_media":40768,"comment_status":"closed","ping_status":"closed","sticky":false,"template":"","format":"standard","meta":{"_acf_changed":false,"footnotes":""},"categories":[165],"tags":[],"class_list":["post-338204","post","type-post","status-publish","format-standard","has-post-thumbnail","hentry","category-nordeste"],"acf":[],"_links":{"self":[{"href":"https:\/\/www.notibras.com\/site\/wp-json\/wp\/v2\/posts\/338204","targetHints":{"allow":["GET"]}}],"collection":[{"href":"https:\/\/www.notibras.com\/site\/wp-json\/wp\/v2\/posts"}],"about":[{"href":"https:\/\/www.notibras.com\/site\/wp-json\/wp\/v2\/types\/post"}],"author":[{"embeddable":true,"href":"https:\/\/www.notibras.com\/site\/wp-json\/wp\/v2\/users\/2"}],"replies":[{"embeddable":true,"href":"https:\/\/www.notibras.com\/site\/wp-json\/wp\/v2\/comments?post=338204"}],"version-history":[{"count":2,"href":"https:\/\/www.notibras.com\/site\/wp-json\/wp\/v2\/posts\/338204\/revisions"}],"predecessor-version":[{"id":338206,"href":"https:\/\/www.notibras.com\/site\/wp-json\/wp\/v2\/posts\/338204\/revisions\/338206"}],"wp:featuredmedia":[{"embeddable":true,"href":"https:\/\/www.notibras.com\/site\/wp-json\/wp\/v2\/media\/40768"}],"wp:attachment":[{"href":"https:\/\/www.notibras.com\/site\/wp-json\/wp\/v2\/media?parent=338204"}],"wp:term":[{"taxonomy":"category","embeddable":true,"href":"https:\/\/www.notibras.com\/site\/wp-json\/wp\/v2\/categories?post=338204"},{"taxonomy":"post_tag","embeddable":true,"href":"https:\/\/www.notibras.com\/site\/wp-json\/wp\/v2\/tags?post=338204"}],"curies":[{"name":"wp","href":"https:\/\/api.w.org\/{rel}","templated":true}]}}