{"id":338212,"date":"2024-10-08T07:31:27","date_gmt":"2024-10-08T10:31:27","guid":{"rendered":"https:\/\/www.notibras.com\/site\/?p=338212"},"modified":"2024-10-08T09:33:33","modified_gmt":"2024-10-08T12:33:33","slug":"notas-podem-ser-consultadas-nesta-terca-feira-depois-das-10h","status":"publish","type":"post","link":"https:\/\/www.notibras.com\/site\/notas-podem-ser-consultadas-nesta-terca-feira-depois-das-10h\/","title":{"rendered":"Notas podem ser consultadas nesta ter\u00e7a-feira depois das 10h"},"content":{"rendered":"<p>Nesta ter\u00e7a-feira (8), a partir das 10h, no site do Concurso Nacional Unificado, os candidatos poder\u00e3o consultar as notas finais das provas objetivas e as notas preliminares das provas discursivas e de reda\u00e7\u00e3o.<\/p>\n<p>Ser\u00e3o divulgadas as notas dos blocos 1,2,3,5,6,7, de n\u00edvel superior, e 8, de n\u00edvel m\u00e9dio, de acordo com o Minist\u00e9rio da Gest\u00e3o e da Inova\u00e7\u00e3o em Servi\u00e7os P\u00fablicos. Os resultados das provas do bloco 4 est\u00e3o suspensos por decis\u00e3o liminar da Justi\u00e7a do Distrito Federal.<\/p>\n<p>Os candidatos ter\u00e3o acesso \u00e0 imagem da prova discursiva ou reda\u00e7\u00e3o. Tamb\u00e9m ser\u00e1 disponibilizado aos candidatos um extrato do resultado, que conter\u00e1 os detalhes das notas de cada uma das provas.<\/p>\n<p>O extrato permitir\u00e1 a cada candidato entender a composi\u00e7\u00e3o de sua nota. A imagem do cart\u00e3o-resposta das provas objetivas j\u00e1 foi disponibilizada e pode ser acessada na \u00e1rea do candidato .<\/p>\n<p>O CNU foi realizado em 228 cidades e reuniu 970.037 pessoas para disputar 6.640 vagas em 21 \u00f3rg\u00e3os da Administra\u00e7\u00e3o P\u00fablica Federal. O concurso foi promovido pelo Minist\u00e9rio da Gest\u00e3o e da Inova\u00e7\u00e3o em Servi\u00e7os P\u00fablicos.<\/p>\n<p><strong>Confira o calend\u00e1rio<\/strong><br \/>\n8\/10 &#8211; Divulga\u00e7\u00e3o das notas finais das provas objetivas e da nota preliminar da discursiva<\/p>\n<p>8 e 9\/10 &#8211; Interposi\u00e7\u00e3o de eventuais pedidos de revis\u00e3o das notas da discursiva<\/p>\n<p>8\/10 &#8211; Convoca\u00e7\u00e3o para o envio de t\u00edtulos (via upload)<\/p>\n<p>9 e 10\/10 &#8211; Envio dos t\u00edtulos<\/p>\n<p>17\/10 &#8211; Divulga\u00e7\u00e3o do resultado dos pedidos de revis\u00e3o das notas da prova discursiva<\/p>\n<p>17\/10 &#8211; Convoca\u00e7\u00e3o para o procedimento de verifica\u00e7\u00e3o da condi\u00e7\u00e3o declarada para concorrer \u00e0s vagas reservadas aos candidatos negros e aos candidatos ind\u00edgenas (exclusivamente para os cargos da Funai)<\/p>\n<p>17 a 25\/10 &#8211; Prazo para per\u00edcia m\u00e9dica (avalia\u00e7\u00e3o biopsicossocial) dos candidatos que se declararem com defici\u00eancia<\/p>\n<p>2 e 3\/11 &#8211; Procedimento de verifica\u00e7\u00e3o da condi\u00e7\u00e3o declarada para concorrer \u00e0s vagas reservadas aos candidatos negros<\/p>\n<p>2 e 3\/11 &#8211; Procedimento de confirma\u00e7\u00e3o da condi\u00e7\u00e3o declarada para concorrer \u00e0s vagas reservadas aos candidatos ind\u00edgenas<\/p>\n<p>4\/11 &#8211; Resultado preliminar da avalia\u00e7\u00e3o de t\u00edtulos<\/p>\n<p>4 e 5\/11 &#8211; Prazo para interposi\u00e7\u00e3o de eventuais recursos quanto ao resultado preliminar da avalia\u00e7\u00e3o de t\u00edtulos<\/p>\n<p>13\/11 &#8211; Divulga\u00e7\u00e3o dos resultados preliminares da avalia\u00e7\u00e3o da veracidade da autodeclara\u00e7\u00e3o prestada por candidatos concorrentes \u00e0s vagas reservadas para negros e ind\u00edgenas e da avalia\u00e7\u00e3o biopsicossocial dos candidatos que se declararem com defici\u00eancia<\/p>\n<p>13 e 14\/11 &#8211; Prazo para interposi\u00e7\u00e3o de eventuais recursos quanto aos resultados preliminares da avalia\u00e7\u00e3o da veracidade da autodeclara\u00e7\u00e3o prestada por candidatos concorrentes \u00e0s vagas reservadas para negros e ind\u00edgenas e da avalia\u00e7\u00e3o biopsicossocial dos candidatos que se declararem com defici\u00eancia<\/p>\n<p>19\/11 &#8211; Divulga\u00e7\u00e3o do resultado dos pedidos de revis\u00e3o das notas dos t\u00edtulos<\/p>\n<p>21\/11 &#8211; Previs\u00e3o de divulga\u00e7\u00e3o dos resultados finais.<\/p>\n","protected":false},"excerpt":{"rendered":"<p>Nesta ter\u00e7a-feira (8), a partir das 10h, no site do Concurso Nacional Unificado, os candidatos poder\u00e3o consultar as notas finais das provas objetivas e as notas preliminares das provas discursivas e de reda\u00e7\u00e3o. Ser\u00e3o divulgadas as notas dos blocos 1,2,3,5,6,7, de n\u00edvel superior, e 8, de n\u00edvel m\u00e9dio, de acordo com o Minist\u00e9rio da Gest\u00e3o [&hellip;]<\/p>\n","protected":false},"author":2,"featured_media":338213,"comment_status":"closed","ping_status":"closed","sticky":false,"template":"","format":"standard","meta":{"_acf_changed":false,"footnotes":""},"categories":[161],"tags":[],"class_list":["post-338212","post","type-post","status-publish","format-standard","has-post-thumbnail","hentry","category-quadradinho-em-foco"],"acf":[],"_links":{"self":[{"href":"https:\/\/www.notibras.com\/site\/wp-json\/wp\/v2\/posts\/338212","targetHints":{"allow":["GET"]}}],"collection":[{"href":"https:\/\/www.notibras.com\/site\/wp-json\/wp\/v2\/posts"}],"about":[{"href":"https:\/\/www.notibras.com\/site\/wp-json\/wp\/v2\/types\/post"}],"author":[{"embeddable":true,"href":"https:\/\/www.notibras.com\/site\/wp-json\/wp\/v2\/users\/2"}],"replies":[{"embeddable":true,"href":"https:\/\/www.notibras.com\/site\/wp-json\/wp\/v2\/comments?post=338212"}],"version-history":[{"count":1,"href":"https:\/\/www.notibras.com\/site\/wp-json\/wp\/v2\/posts\/338212\/revisions"}],"predecessor-version":[{"id":338214,"href":"https:\/\/www.notibras.com\/site\/wp-json\/wp\/v2\/posts\/338212\/revisions\/338214"}],"wp:featuredmedia":[{"embeddable":true,"href":"https:\/\/www.notibras.com\/site\/wp-json\/wp\/v2\/media\/338213"}],"wp:attachment":[{"href":"https:\/\/www.notibras.com\/site\/wp-json\/wp\/v2\/media?parent=338212"}],"wp:term":[{"taxonomy":"category","embeddable":true,"href":"https:\/\/www.notibras.com\/site\/wp-json\/wp\/v2\/categories?post=338212"},{"taxonomy":"post_tag","embeddable":true,"href":"https:\/\/www.notibras.com\/site\/wp-json\/wp\/v2\/tags?post=338212"}],"curies":[{"name":"wp","href":"https:\/\/api.w.org\/{rel}","templated":true}]}}