{"id":338220,"date":"2024-10-08T12:21:27","date_gmt":"2024-10-08T15:21:27","guid":{"rendered":"https:\/\/www.notibras.com\/site\/?p=338220"},"modified":"2024-10-08T15:38:39","modified_gmt":"2024-10-08T18:38:39","slug":"nordestino-lembra-seu-dia-o-8-de-outubro-sem-animo-para-um-forro","status":"publish","type":"post","link":"https:\/\/www.notibras.com\/site\/nordestino-lembra-seu-dia-o-8-de-outubro-sem-animo-para-um-forro\/","title":{"rendered":"Nordestino lembra seu dia, o 8 de Outubro, sem \u00e2nimo para um forr\u00f3"},"content":{"rendered":"<p>O Dia do Nordestino, celebrado nesta ter\u00e7a, 8 de outubro, \u00e9 uma data que vai al\u00e9m da comemora\u00e7\u00e3o. Ironia do destino, a data, embora associe a um convite \u00e0 reflex\u00e3o sobre a riqueza e a resili\u00eancia de um povo que tanto contribui para a identidade cultural do Brasil, foi criada pela C\u00e2mara Municipal de S\u00e3o Paulo, em homenagem a Patativa do Assar\u00e9. Mas, pol\u00eamica \u00e0 parte, \u00e9 certo que a cultura nordestina \u00e9 uma fonte inesgot\u00e1vel de arte, m\u00fasica, culin\u00e1ria e tradi\u00e7\u00f5es que, ao longo dos s\u00e9culos, moldaram a forma como nos vemos e nos expressamos como na\u00e7\u00e3o.<\/p>\n<p>Quando pensamos no Nordeste, rapidamente nos v\u00eam \u00e0 mente os sons do forr\u00f3, o bai\u00e3o, as festas juninas e o sotaque acolhedor que parece traduzir em palavras a alegria e a generosidade do povo. Mas essa imagem, embora cativante, revela apenas uma parte da hist\u00f3ria. O Dia do Nordestino nos lembra tamb\u00e9m das lutas enfrentadas pela regi\u00e3o, que desde os tempos coloniais enfrentou a seca, a desigualdade e o preconceito.<\/p>\n<p>Historicamente, o Nordeste foi o ber\u00e7o da coloniza\u00e7\u00e3o portuguesa no Brasil, e durante s\u00e9culos viveu \u00e0 sombra do poder concentrado no centro-sul. No entanto, apesar das adversidades, a regi\u00e3o deu ao pa\u00eds alguns de seus maiores expoentes culturais e intelectuais: Gilberto Freyre, Ariano Suassuna, Luiz Gonzaga, Jo\u00e3o Cabral de Melo Neto, entre tantos outros.<\/p>\n<p>A data \u00e9 tamb\u00e9m um s\u00edmbolo de resist\u00eancia. Nordestinos se espalham por todas as partes do Brasil, levando consigo suas ra\u00edzes, sua for\u00e7a de trabalho e, claro, sua cultura. Quantos migrantes nordestinos ajudaram a construir S\u00e3o Paulo e outras grandes cidades? Quantos m\u00fasicos, poetas e escritores com origens nordestinas n\u00e3o influenciaram gera\u00e7\u00f5es com suas obras?<\/p>\n<p>Por isso, o Dia do Nordestino n\u00e3o \u00e9 apenas uma homenagem, mas um reconhecimento. Reconhecer o valor de um povo que, com sua criatividade e coragem, soube transformar a aridez do sert\u00e3o em poesia, e as dificuldades em supera\u00e7\u00e3o. \u00c9 lembrar que o Nordeste \u00e9 mais do que uma parte do territ\u00f3rio brasileiro; \u00e9 uma parte essencial da alma nacional.<\/p>\n<p>Que nos pr\u00f3ximos 8 de Outubro possamos celebrar n\u00e3o apenas a cultura nordestina, mas tamb\u00e9m o esp\u00edrito de luta e perseveran\u00e7a que a data simboliza. E que, ao longo de todo o ano, possamos continuar a valorizar essa contribui\u00e7\u00e3o inestim\u00e1vel ao mosaico que forma o Brasil.<\/p>\n","protected":false},"excerpt":{"rendered":"<p>O Dia do Nordestino, celebrado nesta ter\u00e7a, 8 de outubro, \u00e9 uma data que vai al\u00e9m da comemora\u00e7\u00e3o. Ironia do destino, a data, embora associe a um convite \u00e0 reflex\u00e3o sobre a riqueza e a resili\u00eancia de um povo que tanto contribui para a identidade cultural do Brasil, foi criada pela C\u00e2mara Municipal de S\u00e3o [&hellip;]<\/p>\n","protected":false},"author":2,"featured_media":276033,"comment_status":"closed","ping_status":"closed","sticky":false,"template":"","format":"standard","meta":{"_acf_changed":false,"footnotes":""},"categories":[165],"tags":[95],"class_list":["post-338220","post","type-post","status-publish","format-standard","has-post-thumbnail","hentry","category-nordeste","tag-capa"],"acf":[],"_links":{"self":[{"href":"https:\/\/www.notibras.com\/site\/wp-json\/wp\/v2\/posts\/338220","targetHints":{"allow":["GET"]}}],"collection":[{"href":"https:\/\/www.notibras.com\/site\/wp-json\/wp\/v2\/posts"}],"about":[{"href":"https:\/\/www.notibras.com\/site\/wp-json\/wp\/v2\/types\/post"}],"author":[{"embeddable":true,"href":"https:\/\/www.notibras.com\/site\/wp-json\/wp\/v2\/users\/2"}],"replies":[{"embeddable":true,"href":"https:\/\/www.notibras.com\/site\/wp-json\/wp\/v2\/comments?post=338220"}],"version-history":[{"count":8,"href":"https:\/\/www.notibras.com\/site\/wp-json\/wp\/v2\/posts\/338220\/revisions"}],"predecessor-version":[{"id":338228,"href":"https:\/\/www.notibras.com\/site\/wp-json\/wp\/v2\/posts\/338220\/revisions\/338228"}],"wp:featuredmedia":[{"embeddable":true,"href":"https:\/\/www.notibras.com\/site\/wp-json\/wp\/v2\/media\/276033"}],"wp:attachment":[{"href":"https:\/\/www.notibras.com\/site\/wp-json\/wp\/v2\/media?parent=338220"}],"wp:term":[{"taxonomy":"category","embeddable":true,"href":"https:\/\/www.notibras.com\/site\/wp-json\/wp\/v2\/categories?post=338220"},{"taxonomy":"post_tag","embeddable":true,"href":"https:\/\/www.notibras.com\/site\/wp-json\/wp\/v2\/tags?post=338220"}],"curies":[{"name":"wp","href":"https:\/\/api.w.org\/{rel}","templated":true}]}}