{"id":338229,"date":"2024-10-08T17:50:44","date_gmt":"2024-10-08T20:50:44","guid":{"rendered":"https:\/\/www.notibras.com\/site\/?p=338229"},"modified":"2024-10-08T17:50:44","modified_gmt":"2024-10-08T20:50:44","slug":"dia-das-criancas-vai-ter-a-animacao-dos-irmaos-bros","status":"publish","type":"post","link":"https:\/\/www.notibras.com\/site\/dia-das-criancas-vai-ter-a-animacao-dos-irmaos-bros\/","title":{"rendered":"Dia das Crian\u00e7as vai ter a anima\u00e7\u00e3o dos Irm\u00e3os Bros"},"content":{"rendered":"<p>O Dia das Crian\u00e7as \u00e9 uma data muito aguardada pelas fam\u00edlias e para tornar essa comemora\u00e7\u00e3o ainda mais especial, o Terra\u00e7o Shopping preparou uma programa\u00e7\u00e3o imperd\u00edvel para o s\u00e1bado, dia 12 de outubro. A partir das 13h, crian\u00e7as e adultos poder\u00e3o desfrutar de um evento tem\u00e1tico inspirado em um dos jogos de videogame mais queridos de todos os tempos, os Irm\u00e3os Bros.<\/p>\n<p>Ao longo de toda a tarde, os encanadores mais famosos do mundo levar\u00e3o todos a se divertirem com diversas atividades interativas. Com o \u201cCamarim Fashion\u201d, as crian\u00e7as poder\u00e3o realizar pinturas de rosto, para entrar no clima da brincadeira. Animadores garantir\u00e3o a alegria e o entretenimento do p\u00fablico, assim como as oficinas tem\u00e1ticas voltadas para os pequenos.<\/p>\n<p>O ponto alto da programa\u00e7\u00e3o acontecer\u00e1 com a apresenta\u00e7\u00e3o do espet\u00e1culo \u201cOs Irm\u00e3os Bros\u201d, encenado pela Cia Starte, que promete encantar e divertir a todos com uma performance cheia de aventura e nostalgia. O evento \u00e9 gratuito e acontecer\u00e1 na Pra\u00e7a Central do Terra\u00e7o, proporcionando um espa\u00e7o de lazer e divers\u00e3o para toda a fam\u00edlia.<\/p>\n<p><strong>Servi\u00e7o<\/strong><br \/>\nDia das Crian\u00e7as no Terra\u00e7o Shopping<br \/>\nData: 12 de outubro<br \/>\nHor\u00e1rio: 13h \u00e0s 17h<br \/>\nLocal: Pra\u00e7a Central<\/p>\n","protected":false},"excerpt":{"rendered":"<p>O Dia das Crian\u00e7as \u00e9 uma data muito aguardada pelas fam\u00edlias e para tornar essa comemora\u00e7\u00e3o ainda mais especial, o Terra\u00e7o Shopping preparou uma programa\u00e7\u00e3o imperd\u00edvel para o s\u00e1bado, dia 12 de outubro. A partir das 13h, crian\u00e7as e adultos poder\u00e3o desfrutar de um evento tem\u00e1tico inspirado em um dos jogos de videogame mais queridos [&hellip;]<\/p>\n","protected":false},"author":2,"featured_media":338230,"comment_status":"closed","ping_status":"closed","sticky":false,"template":"","format":"standard","meta":{"_acf_changed":false,"footnotes":""},"categories":[161],"tags":[],"class_list":["post-338229","post","type-post","status-publish","format-standard","has-post-thumbnail","hentry","category-quadradinho-em-foco"],"acf":[],"_links":{"self":[{"href":"https:\/\/www.notibras.com\/site\/wp-json\/wp\/v2\/posts\/338229","targetHints":{"allow":["GET"]}}],"collection":[{"href":"https:\/\/www.notibras.com\/site\/wp-json\/wp\/v2\/posts"}],"about":[{"href":"https:\/\/www.notibras.com\/site\/wp-json\/wp\/v2\/types\/post"}],"author":[{"embeddable":true,"href":"https:\/\/www.notibras.com\/site\/wp-json\/wp\/v2\/users\/2"}],"replies":[{"embeddable":true,"href":"https:\/\/www.notibras.com\/site\/wp-json\/wp\/v2\/comments?post=338229"}],"version-history":[{"count":1,"href":"https:\/\/www.notibras.com\/site\/wp-json\/wp\/v2\/posts\/338229\/revisions"}],"predecessor-version":[{"id":338231,"href":"https:\/\/www.notibras.com\/site\/wp-json\/wp\/v2\/posts\/338229\/revisions\/338231"}],"wp:featuredmedia":[{"embeddable":true,"href":"https:\/\/www.notibras.com\/site\/wp-json\/wp\/v2\/media\/338230"}],"wp:attachment":[{"href":"https:\/\/www.notibras.com\/site\/wp-json\/wp\/v2\/media?parent=338229"}],"wp:term":[{"taxonomy":"category","embeddable":true,"href":"https:\/\/www.notibras.com\/site\/wp-json\/wp\/v2\/categories?post=338229"},{"taxonomy":"post_tag","embeddable":true,"href":"https:\/\/www.notibras.com\/site\/wp-json\/wp\/v2\/tags?post=338229"}],"curies":[{"name":"wp","href":"https:\/\/api.w.org\/{rel}","templated":true}]}}