{"id":338252,"date":"2024-10-09T06:38:31","date_gmt":"2024-10-09T09:38:31","guid":{"rendered":"https:\/\/www.notibras.com\/site\/?p=338252"},"modified":"2024-10-09T06:38:31","modified_gmt":"2024-10-09T09:38:31","slug":"nordestino-reelege-media-de-60-dos-vereadores","status":"publish","type":"post","link":"https:\/\/www.notibras.com\/site\/nordestino-reelege-media-de-60-dos-vereadores\/","title":{"rendered":"Nordestino reelege m\u00e9dia de 60% dos vereadores"},"content":{"rendered":"<p>Os vereadores de todo o Pa\u00eds que se reelegeram nas elei\u00e7\u00f5es do \u00faltimo domingo representam um total de 40,79% das candidaturas vitoriosas na busca por uma vaga nas c\u00e2maras municipais. J\u00e1 no Nordeste, a m\u00e9dia de vitoriosos est\u00e1 acima de 60%.<\/p>\n<p>Os resultados da apura\u00e7\u00e3o divulgados pelo Tribunal Superior Eleitoral (TSE) mostram que, dos 58.400 vereadores eleitos pelos brasileiros, 23.823 j\u00e1 tinham mandato e iniciar\u00e3o mais quatro anos em 2025.<\/p>\n<p>As informa\u00e7\u00f5es foram sistematizadas a partir dos dados oficiais do TSE. Os n\u00fameros ainda podem ser alterados por decis\u00f5es judiciais em candidaturas que est\u00e3o sub-judice<\/p>\n<p>O n\u00famero de vereadores reeleitos representa 58,39% daqueles que tentavam a reelei\u00e7\u00e3o. Segundo o TSE, enquanto esses 23 mil conseguiram prolongar seus mandatos, 16.976 (41,61%) buscaram a reelei\u00e7\u00e3o e n\u00e3o conseguiram.<\/p>\n<p>A taxa de sucesso na reelei\u00e7\u00e3o foi maior entre os candidatos de munic\u00edpios do Rio Grande do Norte, onde 70,05% dos 1.249 vereadores que tentavam se reeleger conseguiram mais quatro anos de mandato. J\u00e1 Sergipe teve o menor percentual, com 60,03% candidaturas bem sucedidas.<\/p>\n<p>Confira o percentual de vereadores que tiveram sucesso na busca pela elei\u00e7\u00e3o em cada Estado nordestino:<\/p>\n<p><strong>AL &#8211; 68,10%<\/strong><\/p>\n<p><strong>BA &#8211; 63,28%<\/strong><\/p>\n<p><strong>CE &#8211; 63,49%<\/strong><\/p>\n<p><strong>MA &#8211; 60,43%<\/strong><\/p>\n<p><strong>PB &#8211; 69,29%<\/strong><\/p>\n<p><strong>PE &#8211; 63,93%<\/strong><\/p>\n<p><strong>PI &#8211; 67,56%<\/strong><\/p>\n<p><strong>RN &#8211; 70,05%<\/strong><\/p>\n<p><strong>SE &#8211; 60,03%<\/strong><\/p>\n","protected":false},"excerpt":{"rendered":"<p>Os vereadores de todo o Pa\u00eds que se reelegeram nas elei\u00e7\u00f5es do \u00faltimo domingo representam um total de 40,79% das candidaturas vitoriosas na busca por uma vaga nas c\u00e2maras municipais. J\u00e1 no Nordeste, a m\u00e9dia de vitoriosos est\u00e1 acima de 60%. Os resultados da apura\u00e7\u00e3o divulgados pelo Tribunal Superior Eleitoral (TSE) mostram que, dos 58.400 [&hellip;]<\/p>\n","protected":false},"author":2,"featured_media":338253,"comment_status":"closed","ping_status":"closed","sticky":false,"template":"","format":"standard","meta":{"_acf_changed":false,"footnotes":""},"categories":[165],"tags":[],"class_list":["post-338252","post","type-post","status-publish","format-standard","has-post-thumbnail","hentry","category-nordeste"],"acf":[],"_links":{"self":[{"href":"https:\/\/www.notibras.com\/site\/wp-json\/wp\/v2\/posts\/338252","targetHints":{"allow":["GET"]}}],"collection":[{"href":"https:\/\/www.notibras.com\/site\/wp-json\/wp\/v2\/posts"}],"about":[{"href":"https:\/\/www.notibras.com\/site\/wp-json\/wp\/v2\/types\/post"}],"author":[{"embeddable":true,"href":"https:\/\/www.notibras.com\/site\/wp-json\/wp\/v2\/users\/2"}],"replies":[{"embeddable":true,"href":"https:\/\/www.notibras.com\/site\/wp-json\/wp\/v2\/comments?post=338252"}],"version-history":[{"count":1,"href":"https:\/\/www.notibras.com\/site\/wp-json\/wp\/v2\/posts\/338252\/revisions"}],"predecessor-version":[{"id":338254,"href":"https:\/\/www.notibras.com\/site\/wp-json\/wp\/v2\/posts\/338252\/revisions\/338254"}],"wp:featuredmedia":[{"embeddable":true,"href":"https:\/\/www.notibras.com\/site\/wp-json\/wp\/v2\/media\/338253"}],"wp:attachment":[{"href":"https:\/\/www.notibras.com\/site\/wp-json\/wp\/v2\/media?parent=338252"}],"wp:term":[{"taxonomy":"category","embeddable":true,"href":"https:\/\/www.notibras.com\/site\/wp-json\/wp\/v2\/categories?post=338252"},{"taxonomy":"post_tag","embeddable":true,"href":"https:\/\/www.notibras.com\/site\/wp-json\/wp\/v2\/tags?post=338252"}],"curies":[{"name":"wp","href":"https:\/\/api.w.org\/{rel}","templated":true}]}}