{"id":338269,"date":"2024-10-09T00:00:11","date_gmt":"2024-10-09T03:00:11","guid":{"rendered":"https:\/\/www.notibras.com\/site\/?p=338269"},"modified":"2024-10-09T07:34:13","modified_gmt":"2024-10-09T10:34:13","slug":"olimpiadas-das-escolas-civico-militares-reunem-2-mil-estudantes","status":"publish","type":"post","link":"https:\/\/www.notibras.com\/site\/olimpiadas-das-escolas-civico-militares-reunem-2-mil-estudantes\/","title":{"rendered":"Olimp\u00edadas das escolas c\u00edvico-militares re\u00fanem 2 mil estudantes"},"content":{"rendered":"<p>Ensinar valores que v\u00e3o muito al\u00e9m de ganhar pr\u00eamios. Esse \u00e9 o principal objetivo das olimp\u00edadas dos col\u00e9gios c\u00edvico-militares do Distrito Federal. A abertura dos jogos, que contar\u00e1 com a participa\u00e7\u00e3o de 2 mil estudantes de 17 escolas, foi nesta ter\u00e7a-feira (8), no Centro de Capacita\u00e7\u00e3o F\u00edsica do Complexo da Academia de Bombeiro Militar (Cecaf-ABMIL\/CBMDF). Os estudantes ir\u00e3o competir em sete modalidades \u2013 atletismo, basquete, futsal, v\u00f4lei, queimada, handebol e xadrez. Independentemente de quem ser\u00e3o os vencedores, todos levar\u00e3o para a vida valores como disciplina e respeito.<\/p>\n<p>As competi\u00e7\u00f5es ser\u00e3o realizadas at\u00e9 o dia 31 de outubro no Col\u00e9gio Militar Tiradentes, no Col\u00e9gio Militar Dom Pedro II, no Centro Integrado de Educa\u00e7\u00e3o F\u00edsica (Cief), no Gin\u00e1sio de Esportes da Candangol\u00e2ndia e no Cecaf. O evento \u00e9 realizado pela Secretaria de Seguran\u00e7a P\u00fablica (SSP-DF) em parceria com a Secretaria de Educa\u00e7\u00e3o do Distrito Federal (SEEDF).<\/p>\n<p>A vice-governadora Celina Le\u00e3o destaca a import\u00e2ncia da realiza\u00e7\u00e3o das Olimp\u00edadas para a forma\u00e7\u00e3o dos estudantes.<\/p>\n<p>\u201cIncentivar a pr\u00e1tica de esportes \u00e9 incentivar uma vida saud\u00e1vel e com valores importantes, como a disciplina, que ajudam a formar verdadeiros cidad\u00e3os. As Olimp\u00edadas refor\u00e7am o nosso compromisso de abrir as portas para diversas oportunidades para crian\u00e7as e adolescentes das regi\u00f5es mais vulner\u00e1veis e que, com as escolas de gest\u00e3o compartilhada, temos visto a realidade deles mudar para melhor\u201d, analisa a vice-governadora.<\/p>\n<p>O secret\u00e1rio de Seguran\u00e7a P\u00fablica, Sandro Avelar, lembra a import\u00e2ncia das escolas c\u00edvico-militares como mecanismo de ensinar disciplina aos estudantes, valor que ser\u00e1 importante em todas as etapas da vida. Somado a isso, ele ressalta como o esporte \u00e9 fator essencial para manter crian\u00e7as e jovens longe de ambientes inadequados para sua forma\u00e7\u00e3o como pessoa.<\/p>\n<p>\u201cA gente sempre defende que o esporte afasta as crian\u00e7as do que n\u00e3o \u00e9 bom e ensina disciplina e respeito ao pr\u00f3ximo, al\u00e9m de ser absolutamente saud\u00e1vel. \u00c9 importante que a gente reforce esse conceito. As escolas de gest\u00e3o compartilhada, que a SSP tem a honra de participar, estimulam um ambiente saud\u00e1vel, pac\u00edfico, que abre tamb\u00e9m a possibilidade de (os estudantes) participarem das bandas nas escolas\u201d, enfatiza o secret\u00e1rio.<\/p>\n<p>O medalhista ol\u00edmpico Caio Bonfim participou da cerim\u00f4nia. Ele acendeu a tocha ol\u00edmpica e s\u00f3 a presen\u00e7a dele j\u00e1 mostra como \u00e9 importante ter bons exemplos. Os estudantes ficaram muito animados com a presen\u00e7a dele e aproveitaram para fazer v\u00e1rias fotos. Para o atleta, medalhista de prata na marcha atl\u00e9tica das Olimp\u00edadas de Paris, a competi\u00e7\u00e3o \u00e9 uma \u201coportunidade para a crian\u00e7ada e os jovens participarem da pr\u00e1tica esportiva\u201d.<\/p>\n<p>\u201c\u00c9 muito bacana vivenciar o ganhar e o perder. \u00c9 uma oportunidade bacana para que essa juventude possa aprender. Iniciativas assim s\u00e3o uma sementinha. L\u00e1 na frente, a gente v\u00ea que a participa\u00e7\u00e3o nesses eventos faz parte da forma\u00e7\u00e3o deles. \u00c9 muito bacana fazer parte tamb\u00e9m. Um dia eu fui um menino que estava ali querendo competir\u201d, afirma o atleta.<\/p>\n<p>A estudante do 9\u00ba ano do ensino fundamental do CEF 1 do Parano\u00e1, Maria Sofia dos Santos, de 16 anos, vai competir no v\u00f4lei, no atletismo e na queimada. O preferido n\u00e3o poderia ser outro: atletismo. Isso porque ela tamb\u00e9m treina no mesmo lugar onde Caio Bonfim treinava. \u201cNo ano passado eu ganhei nas Ol\u00edmpiadas das escolas e estou muito animada. Acho que \u00e9 uma oportunidade de a gente viver experiencias novas, criar v\u00ednculos novos e fazer novas amizades\u201d, disse.<\/p>\n<p><strong>Gest\u00e3o compartilhada<\/strong><br \/>\nA secret\u00e1ria de Educa\u00e7\u00e3o, H\u00e9lvia Paranagu\u00e1, ressalta a import\u00e2ncia das escolas c\u00edvico-militares para transformar a realidade de milhares de estudantes.<\/p>\n<p>\u201cDesde a cria\u00e7\u00e3o pelo governador Ibaneis Rocha, o objetivo era exatamente trabalhar as escolas que ficavam dentro de um mapa de viol\u00eancia e que foi transformado completamente. E essas olimp\u00edadas v\u00e3o mostrar a import\u00e2ncia da disciplina para aprender melhor. Eles v\u00e3o levar isso para a vida e daqui podem sair atletas tamb\u00e9m\u201d, observa a secret\u00e1ria.<\/p>\n<p>O estudante Victor Ferreira Costa, 14 anos, 9\u00ba ano CED 01 Itapo\u00e3, confirma a an\u00e1lise da secret\u00e1ria. Ele j\u00e1 \u00e9 um veterano nas competi\u00e7\u00f5es da escola, onde come\u00e7ou a jogar h\u00e1 dois anos e hoje \u00e9 o capit\u00e3o do time de futsal. \u201cO esporte \u00e9 a melhor parte da escola. Ajuda muito o aluno e incentiva bastante. Para estar no time tem que ter boas notas. Ent\u00e3o, incentiva a gente\u201d, elogia o estudante.<\/p>\n<p>Os bons resultados no \u00cdndice de Desenvolvimento da Educa\u00e7\u00e3o B\u00e1sica (Ideb) 2023, divulgados pelo Minist\u00e9rio da Educa\u00e7\u00e3o (MEC) e pelo Instituto Nacional de Estudos e Pesquisas Educacionais An\u00edsio Teixeira (Inep), reafirmam a import\u00e2ncia da iniciativa para a educa\u00e7\u00e3o no DF. Tr\u00eas escolas de gest\u00e3o compartilhada foram destaque no indicador de qualidade da educa\u00e7\u00e3o no pa\u00eds.<\/p>\n<p>No ensino fundamental II, os centros de ensino fundamental 19, de Taguatinga, e 01, do N\u00facleo Bandeirante, ficaram entre as dez melhores colocadas, sendo a escola do N\u00facleo Bandeirante destaque pelo segundo ano consecutivo. J\u00e1 o Centro Educacional 416, de Santa Maria, se destacou entre os dez mais bem colocados do ensino m\u00e9dio.<\/p>\n","protected":false},"excerpt":{"rendered":"<p>Ensinar valores que v\u00e3o muito al\u00e9m de ganhar pr\u00eamios. Esse \u00e9 o principal objetivo das olimp\u00edadas dos col\u00e9gios c\u00edvico-militares do Distrito Federal. A abertura dos jogos, que contar\u00e1 com a participa\u00e7\u00e3o de 2 mil estudantes de 17 escolas, foi nesta ter\u00e7a-feira (8), no Centro de Capacita\u00e7\u00e3o F\u00edsica do Complexo da Academia de Bombeiro Militar (Cecaf-ABMIL\/CBMDF). [&hellip;]<\/p>\n","protected":false},"author":2,"featured_media":338270,"comment_status":"closed","ping_status":"closed","sticky":false,"template":"","format":"standard","meta":{"_acf_changed":false,"footnotes":""},"categories":[161],"tags":[],"class_list":["post-338269","post","type-post","status-publish","format-standard","has-post-thumbnail","hentry","category-quadradinho-em-foco"],"acf":[],"_links":{"self":[{"href":"https:\/\/www.notibras.com\/site\/wp-json\/wp\/v2\/posts\/338269","targetHints":{"allow":["GET"]}}],"collection":[{"href":"https:\/\/www.notibras.com\/site\/wp-json\/wp\/v2\/posts"}],"about":[{"href":"https:\/\/www.notibras.com\/site\/wp-json\/wp\/v2\/types\/post"}],"author":[{"embeddable":true,"href":"https:\/\/www.notibras.com\/site\/wp-json\/wp\/v2\/users\/2"}],"replies":[{"embeddable":true,"href":"https:\/\/www.notibras.com\/site\/wp-json\/wp\/v2\/comments?post=338269"}],"version-history":[{"count":1,"href":"https:\/\/www.notibras.com\/site\/wp-json\/wp\/v2\/posts\/338269\/revisions"}],"predecessor-version":[{"id":338271,"href":"https:\/\/www.notibras.com\/site\/wp-json\/wp\/v2\/posts\/338269\/revisions\/338271"}],"wp:featuredmedia":[{"embeddable":true,"href":"https:\/\/www.notibras.com\/site\/wp-json\/wp\/v2\/media\/338270"}],"wp:attachment":[{"href":"https:\/\/www.notibras.com\/site\/wp-json\/wp\/v2\/media?parent=338269"}],"wp:term":[{"taxonomy":"category","embeddable":true,"href":"https:\/\/www.notibras.com\/site\/wp-json\/wp\/v2\/categories?post=338269"},{"taxonomy":"post_tag","embeddable":true,"href":"https:\/\/www.notibras.com\/site\/wp-json\/wp\/v2\/tags?post=338269"}],"curies":[{"name":"wp","href":"https:\/\/api.w.org\/{rel}","templated":true}]}}