{"id":338272,"date":"2024-10-09T00:00:29","date_gmt":"2024-10-09T03:00:29","guid":{"rendered":"https:\/\/www.notibras.com\/site\/?p=338272"},"modified":"2024-10-09T07:40:22","modified_gmt":"2024-10-09T10:40:22","slug":"caes-sao-homenageados-apos-anos-de-acao-e-antes-de-se-aposentarem","status":"publish","type":"post","link":"https:\/\/www.notibras.com\/site\/caes-sao-homenageados-apos-anos-de-acao-e-antes-de-se-aposentarem\/","title":{"rendered":"C\u00e3es s\u00e3o homenageados ap\u00f3s anos de a\u00e7\u00e3o e antes de se aposentarem"},"content":{"rendered":"<p>Sobre quatro patas, dez policiais K9 do Batalh\u00e3o de Policiamento com C\u00e3es (BPC\u00e3es) desfilaram por um tapete vermelho para a \u00faltima miss\u00e3o. A formatura, ocorrida nesta ter\u00e7a-feira (8), marcou a aposentadoria dos animais, ap\u00f3s oito anos de servi\u00e7os \u00e0 Pol\u00edcia Militar do Distrito Federal (PMDF). Na cerim\u00f4nia, tamb\u00e9m foram apresentados oito novos cachorros que integrar\u00e3o o batalh\u00e3o.<\/p>\n<p>\u201cA aposentadoria \u00e9 o respeito que a gente tem com esses c\u00e3es que tanto serviram \u00e0 popula\u00e7\u00e3o do Distrito Federal. A gente v\u00ea que os n\u00fameros mostram isso, em apreens\u00e3o de drogas, apreens\u00e3o de armas e at\u00e9 mesmo de pessoas suspeitas, como foi o caso do L\u00e1zaro [Barbosa], que a gente teve a contribui\u00e7\u00e3o da nossa cadela que o encontrou realmente naquele momento\u201d, destacou a comandante-geral da PMDF, coronel Ana Paula Habka.<\/p>\n<p>A import\u00e2ncia dos animais para o trabalho da pol\u00edcia foi refor\u00e7ada pelo comandante do BPC\u00e3es, o tenente-coronel Carlos Reis: \u201cO c\u00e3o encontra o que o olho n\u00e3o enxerga. N\u00f3s temos cinco milh\u00f5es de c\u00e9lulas olfativas, o c\u00e3o tem 250 milh\u00f5es. Ent\u00e3o, as \u00faltimas apreens\u00f5es grandes que n\u00f3s fizemos na Rodovi\u00e1ria [Interestadual], sem o c\u00e3o seria imposs\u00edvel. Em uma delas, foram encontradas quatro armas dentro de malas. Em outras, foram 100 kg e outras duas de 30 kg, aproximadamente, de droga. Com o olho humano \u00e9 imposs\u00edvel ir l\u00e1 e abrir mala por mala. Com o c\u00e3o, a facilidade \u00e9 bem maior\u201d.<\/p>\n<p>Ap\u00f3s a aposentadoria, os c\u00e3es, via de regra, s\u00e3o adotados pelos policiais de quem foram parceiros ao longo dos anos de trabalho. \u201cEsses c\u00e3es fazem um trabalho formid\u00e1vel e nada melhor agora do que esse descanso merecido junto aos policiais que cuidaram deles a vida inteira. J\u00e1 tem ali uma rela\u00e7\u00e3o de amizade, de carinho que vai se formando ao longo dos anos\u201d, pontuou o secret\u00e1rio extraordin\u00e1rio de Prote\u00e7\u00e3o Animal, Ricardo Villafane.<\/p>\n<p>\u00c9 o que ocorrer\u00e1, por exemplo, com a cadela Diana. Durante os anos de trabalho, ela participou de miss\u00f5es importantes, como a ca\u00e7ada ao criminoso L\u00e1zaro Barbosa \u2014 citada pela comandante-geral. Agora, viver\u00e1 na casa do 3\u00ba sargento Allex Mour\u00e3o. A rela\u00e7\u00e3o entre os dois \u00e9 t\u00e3o forte que, mesmo mantendo a conviv\u00eancia, o militar j\u00e1 sente a falta que a companheira far\u00e1 no trabalho: \u201cSei que nunca vou ter um c\u00e3o igual a ela. Vou tentar fazer tudo, j\u00e1 estou treinando um filhotinho de 6 meses para que ele seja igual a ela, mas \u00e9 praticamente certeza que n\u00e3o vai ser. \u00c9 dif\u00edcil, sempre tem um que mexe muito com a gente. N\u00e3o sei se por ter sido a primeira, mas, para mim, ela \u00e9 sensacional\u201d.<\/p>\n","protected":false},"excerpt":{"rendered":"<p>Sobre quatro patas, dez policiais K9 do Batalh\u00e3o de Policiamento com C\u00e3es (BPC\u00e3es) desfilaram por um tapete vermelho para a \u00faltima miss\u00e3o. A formatura, ocorrida nesta ter\u00e7a-feira (8), marcou a aposentadoria dos animais, ap\u00f3s oito anos de servi\u00e7os \u00e0 Pol\u00edcia Militar do Distrito Federal (PMDF). Na cerim\u00f4nia, tamb\u00e9m foram apresentados oito novos cachorros que integrar\u00e3o [&hellip;]<\/p>\n","protected":false},"author":2,"featured_media":338273,"comment_status":"closed","ping_status":"closed","sticky":false,"template":"","format":"standard","meta":{"_acf_changed":false,"footnotes":""},"categories":[161],"tags":[],"class_list":["post-338272","post","type-post","status-publish","format-standard","has-post-thumbnail","hentry","category-quadradinho-em-foco"],"acf":[],"_links":{"self":[{"href":"https:\/\/www.notibras.com\/site\/wp-json\/wp\/v2\/posts\/338272","targetHints":{"allow":["GET"]}}],"collection":[{"href":"https:\/\/www.notibras.com\/site\/wp-json\/wp\/v2\/posts"}],"about":[{"href":"https:\/\/www.notibras.com\/site\/wp-json\/wp\/v2\/types\/post"}],"author":[{"embeddable":true,"href":"https:\/\/www.notibras.com\/site\/wp-json\/wp\/v2\/users\/2"}],"replies":[{"embeddable":true,"href":"https:\/\/www.notibras.com\/site\/wp-json\/wp\/v2\/comments?post=338272"}],"version-history":[{"count":1,"href":"https:\/\/www.notibras.com\/site\/wp-json\/wp\/v2\/posts\/338272\/revisions"}],"predecessor-version":[{"id":338274,"href":"https:\/\/www.notibras.com\/site\/wp-json\/wp\/v2\/posts\/338272\/revisions\/338274"}],"wp:featuredmedia":[{"embeddable":true,"href":"https:\/\/www.notibras.com\/site\/wp-json\/wp\/v2\/media\/338273"}],"wp:attachment":[{"href":"https:\/\/www.notibras.com\/site\/wp-json\/wp\/v2\/media?parent=338272"}],"wp:term":[{"taxonomy":"category","embeddable":true,"href":"https:\/\/www.notibras.com\/site\/wp-json\/wp\/v2\/categories?post=338272"},{"taxonomy":"post_tag","embeddable":true,"href":"https:\/\/www.notibras.com\/site\/wp-json\/wp\/v2\/tags?post=338272"}],"curies":[{"name":"wp","href":"https:\/\/api.w.org\/{rel}","templated":true}]}}