{"id":338306,"date":"2024-10-09T15:51:07","date_gmt":"2024-10-09T18:51:07","guid":{"rendered":"https:\/\/www.notibras.com\/site\/?p=338306"},"modified":"2024-10-09T18:02:55","modified_gmt":"2024-10-09T21:02:55","slug":"sem-gas-e-com-fogao-a-lenha-nordestino-chora-magoas-com-vela-na-mao","status":"publish","type":"post","link":"https:\/\/www.notibras.com\/site\/sem-gas-e-com-fogao-a-lenha-nordestino-chora-magoas-com-vela-na-mao\/","title":{"rendered":"Sem g\u00e1s, e com fog\u00e3o a lenha, nordestino chora m\u00e1goas com vela na m\u00e3o"},"content":{"rendered":"<p>O nordestino de baixa renda tem dois aux\u00edlios mensais e um terceiro que aparece a cada 60 dias. O bolsa fam\u00edlia (antigo aux\u00edlio paternidade, que Lula s\u00f3 fez mudar de nome) e o rec\u00e9m criado p\u00e9 de meia encabe\u00e7am a lista. O terceiro \u00e9 o aux\u00edlio g\u00e1s, depositado de dois em dois meses. Agora, por\u00e9m, surge um novo problema &#8211; dinheiro para comprar vela ou querosene para colocar no lampi\u00e3o. Motivo: a conta de luz disparou, e quem pagava 60, agora paga mais de cem.<\/p>\n<p>O avan\u00e7o na conta de luz, ali\u00e1s, puxou a infla\u00e7\u00e3o de setembro para 0,44%. \u00c9 o que aponta levantamento do IPCA, divulgado na quarta, 9, pelo IBGE. O aumento foi de 0,46 ponto percentual em rela\u00e7\u00e3o ao m\u00eas anterior (-0,02%), influenciado pelo grupo habita\u00e7\u00e3o (1,8%), que contabiliza o reajuste nas tarifas de energia el\u00e9trica residencial.<\/p>\n<p>No per\u00edodo, o gasto com o consumo de energia passou de -2,77% em agosto para 5,36% em setembro. O grupo alimenta\u00e7\u00e3o e bebidas tamb\u00e9m contribuiu para a acelerada do IPCA (0,5%), que registrou aumento ap\u00f3s dois meses de quedas seguidas. Para o ano, o acumulado da infla\u00e7\u00e3o \u00e9 de 3,31%, sendo que nos \u00faltimos 12 meses, o \u00edndice est\u00e1 em 4,42%.<\/p>\n<p>\u201cA mudan\u00e7a de bandeira tarif\u00e1ria de verde em agosto, onde n\u00e3o havia cobran\u00e7a adicional nas contas de luz, para vermelha patamar um, por causa do n\u00edvel dos reservat\u00f3rios, foi o principal motivo para essa alta. A bandeira vermelha &#8211; patamar um &#8211; acrescenta R$ 4,46, aproximadamente, a cada 100 kwh consumidos\u201d, explicou o gerente da pesquisa, Andr\u00e9 Almeida, em nota divulgada pelo IBGE.<\/p>\n<p>O consumo alimentar nas resid\u00eancias das fam\u00edlias brasileiras registrou alta de 0,56%, impactado pelos aumentos de pre\u00e7os da carne bovina e de frutas como laranja, lim\u00e3o e mam\u00e3o.<\/p>\n<p>\u201cFalando especificamente das carnes, a forte estiagem e o clima seco foram fatores que contribu\u00edram para a diminui\u00e7\u00e3o da oferta. \u00c9 importante lembrar que tivemos quedas observadas ao longo de quase todo o primeiro semestre de 2024, com alto n\u00famero de abates. Agora, o per\u00edodo de entressafras est\u00e1 sendo intensificado pela quest\u00e3o clim\u00e1tica\u201d, explicou Almeida.<\/p>\n<p>Por sua vez, no quesito alimenta\u00e7\u00e3o fora do domic\u00edlio, a varia\u00e7\u00e3o (0,34%) foi pr\u00f3xima \u00e0 do m\u00eas anterior (0,33%). O item despesas pessoais teve a queda mais acentuada do levantamento (- 0,31%), o que significa um impacto de &#8211; 0,03 ponto percentual. O subitem cinema, teatro e concertos registrou queda de 8,75%, com reflexo de -0,04 ponto percentual no \u00edndice como um todo.<\/p>\n<p>\u201cEm setembro, ocorreu a semana do cinema, uma campanha nacional em que diversas redes ao redor do pa\u00eds praticaram pre\u00e7os promocionais ao longo de uma semana. Essas promo\u00e7\u00f5es contribu\u00edram para a queda de mais de 8% neste subitem\u201d, completou o analista do IBGE.<\/p>\n","protected":false},"excerpt":{"rendered":"<p>O nordestino de baixa renda tem dois aux\u00edlios mensais e um terceiro que aparece a cada 60 dias. O bolsa fam\u00edlia (antigo aux\u00edlio paternidade, que Lula s\u00f3 fez mudar de nome) e o rec\u00e9m criado p\u00e9 de meia encabe\u00e7am a lista. O terceiro \u00e9 o aux\u00edlio g\u00e1s, depositado de dois em dois meses. Agora, por\u00e9m, [&hellip;]<\/p>\n","protected":false},"author":2,"featured_media":28582,"comment_status":"closed","ping_status":"closed","sticky":false,"template":"","format":"standard","meta":{"_acf_changed":false,"footnotes":""},"categories":[165],"tags":[95],"class_list":["post-338306","post","type-post","status-publish","format-standard","has-post-thumbnail","hentry","category-nordeste","tag-capa"],"acf":[],"_links":{"self":[{"href":"https:\/\/www.notibras.com\/site\/wp-json\/wp\/v2\/posts\/338306","targetHints":{"allow":["GET"]}}],"collection":[{"href":"https:\/\/www.notibras.com\/site\/wp-json\/wp\/v2\/posts"}],"about":[{"href":"https:\/\/www.notibras.com\/site\/wp-json\/wp\/v2\/types\/post"}],"author":[{"embeddable":true,"href":"https:\/\/www.notibras.com\/site\/wp-json\/wp\/v2\/users\/2"}],"replies":[{"embeddable":true,"href":"https:\/\/www.notibras.com\/site\/wp-json\/wp\/v2\/comments?post=338306"}],"version-history":[{"count":6,"href":"https:\/\/www.notibras.com\/site\/wp-json\/wp\/v2\/posts\/338306\/revisions"}],"predecessor-version":[{"id":338312,"href":"https:\/\/www.notibras.com\/site\/wp-json\/wp\/v2\/posts\/338306\/revisions\/338312"}],"wp:featuredmedia":[{"embeddable":true,"href":"https:\/\/www.notibras.com\/site\/wp-json\/wp\/v2\/media\/28582"}],"wp:attachment":[{"href":"https:\/\/www.notibras.com\/site\/wp-json\/wp\/v2\/media?parent=338306"}],"wp:term":[{"taxonomy":"category","embeddable":true,"href":"https:\/\/www.notibras.com\/site\/wp-json\/wp\/v2\/categories?post=338306"},{"taxonomy":"post_tag","embeddable":true,"href":"https:\/\/www.notibras.com\/site\/wp-json\/wp\/v2\/tags?post=338306"}],"curies":[{"name":"wp","href":"https:\/\/api.w.org\/{rel}","templated":true}]}}