{"id":338313,"date":"2024-10-10T04:39:04","date_gmt":"2024-10-10T07:39:04","guid":{"rendered":"https:\/\/www.notibras.com\/site\/?p=338313"},"modified":"2024-10-10T04:39:04","modified_gmt":"2024-10-10T07:39:04","slug":"oab-da-paraiba-tera-programa-na-tv-da-camara-de-joao-pessoa","status":"publish","type":"post","link":"https:\/\/www.notibras.com\/site\/oab-da-paraiba-tera-programa-na-tv-da-camara-de-joao-pessoa\/","title":{"rendered":"OAB da Para\u00edba ter\u00e1 programa na TV da C\u00e2mara de Jo\u00e3o Pessoa"},"content":{"rendered":"<p>A C\u00e2mara Municipal de Jo\u00e3o Pessoa e a Ordem dos Advogados do Brasil Seccional Para\u00edba assinaram um acordo de coopera\u00e7\u00e3o t\u00e9cnica para a produ\u00e7\u00e3o do programa OAB TV, que vai estrear \u00e0s 19h30 do pr\u00f3ximo dia 17, na TV C\u00e2mara JP (canal aberto digital 6.2). Na ocasi\u00e3o, estiveram presentes o presidente da Casa Legislativa, Dinho Dowsley (PSD), o procurador da C\u00e2mara, Rodrigo Farias, que tamb\u00e9m \u00e9 o secret\u00e1rio-geral da Ordem, o presidente da OAB-PB, Harrison Targino, e a advogada Germana Lins, que apresentar\u00e1 o programa.<\/p>\n<p>O presidente Dinho falou sobre a relev\u00e2ncia da nova produ\u00e7\u00e3o para a grade da TV C\u00e2mara de Jo\u00e3o Pessoa: &#8220;\u00c9 um programa importante para informar cidad\u00e3os e advogados, e a C\u00e2mara \u00e9 o canal para que o povo tenha conhecimento dos seus direitos e deveres. J\u00e1 houve um programa semelhante com a OAB, e agora com o doutor Harrison Targino e o procurador Rodrigo Farias, trazemos essa parceria de volta, com muita alegria&#8221;.<\/p>\n<p>De acordo com a advogada e apresentadora Germana Lins, ser\u00e3o abordados servi\u00e7os e informa\u00e7\u00f5es da \u00e1rea jur\u00eddica, sanando as poss\u00edveis d\u00favidas da popula\u00e7\u00e3o. &#8220;O OAB-TV \u00e9 um programa que ter\u00e1 v\u00e1rias informa\u00e7\u00f5es sobre direito do trabalho, previdenci\u00e1rio, n\u00e3o s\u00f3 para a popula\u00e7\u00e3o, mas tamb\u00e9m para o jovem advogado que quer saber como funciona a estrutura da OAB, saber sobre as elei\u00e7\u00f5es e outros temas. Vai ser um programa muito democr\u00e1tico, com enquete nas redes sociais e espa\u00e7o para o cidad\u00e3o e os advogados fazerem perguntas&#8221;, explicou.<\/p>\n<p>O secret\u00e1rio-geral da OAB-PB e procurador-geral da C\u00e2mara Municipal, Rodrigo Farias, destacou: &#8220;A OAB tem uma fun\u00e7\u00e3o diferente dos demais \u00f3rg\u00e3os, que \u00e9 dialogar diretamente com os valores do estado democr\u00e1tico de direito. Ent\u00e3o, falar da OAB \u00e9 trazer cidadania, \u00e9 trazer direito do consumidor, \u00e9 tratar sobre as preocupa\u00e7\u00f5es do dia a dia, e acho que isso se une muito bem com os ideais e objetivos da TV C\u00e2mara&#8221;.<\/p>\n<p>Harrison Targino, presidente da OAB-PB, enfatizou: &#8220;Agrade\u00e7o a sensibilidade da C\u00e2mara Municipal de Jo\u00e3o Pessoa por disponibilizar um espa\u00e7o para que a OAB esteja na grade da TV C\u00e2mara, trazendo temas jur\u00eddicos, o que faz com que a Ordem exer\u00e7a sua miss\u00e3o de tamb\u00e9m colaborar para a consolida\u00e7\u00e3o do estado democr\u00e1tico e de direito e com a apresenta\u00e7\u00e3o de temas jur\u00eddicos de interesse da popula\u00e7\u00e3o&#8221;.<\/p>\n<p>O primeiro epis\u00f3dio do OAB-TV ser\u00e1 exibido no pr\u00f3ximo dia 17, \u00e0s 19h30, na TV C\u00e2mara JP (canal aberto digital 6.2), contando com a participa\u00e7\u00e3o do presidente da OAB-PB, Harrison Targino. O programa, que \u00e9 quinzenal, tamb\u00e9m ser\u00e1 veiculado na R\u00e1dio C\u00e2mara de Jo\u00e3o Pessoa (88.7MHz) a partir do dia 21 de outubro e ficar\u00e1 dispon\u00edvel no canal do YouTube da emissora (\/tvcamarajp).<\/p>\n","protected":false},"excerpt":{"rendered":"<p>A C\u00e2mara Municipal de Jo\u00e3o Pessoa e a Ordem dos Advogados do Brasil Seccional Para\u00edba assinaram um acordo de coopera\u00e7\u00e3o t\u00e9cnica para a produ\u00e7\u00e3o do programa OAB TV, que vai estrear \u00e0s 19h30 do pr\u00f3ximo dia 17, na TV C\u00e2mara JP (canal aberto digital 6.2). Na ocasi\u00e3o, estiveram presentes o presidente da Casa Legislativa, Dinho [&hellip;]<\/p>\n","protected":false},"author":2,"featured_media":338314,"comment_status":"closed","ping_status":"closed","sticky":false,"template":"","format":"standard","meta":{"_acf_changed":false,"footnotes":""},"categories":[165],"tags":[],"class_list":["post-338313","post","type-post","status-publish","format-standard","has-post-thumbnail","hentry","category-nordeste"],"acf":[],"_links":{"self":[{"href":"https:\/\/www.notibras.com\/site\/wp-json\/wp\/v2\/posts\/338313","targetHints":{"allow":["GET"]}}],"collection":[{"href":"https:\/\/www.notibras.com\/site\/wp-json\/wp\/v2\/posts"}],"about":[{"href":"https:\/\/www.notibras.com\/site\/wp-json\/wp\/v2\/types\/post"}],"author":[{"embeddable":true,"href":"https:\/\/www.notibras.com\/site\/wp-json\/wp\/v2\/users\/2"}],"replies":[{"embeddable":true,"href":"https:\/\/www.notibras.com\/site\/wp-json\/wp\/v2\/comments?post=338313"}],"version-history":[{"count":1,"href":"https:\/\/www.notibras.com\/site\/wp-json\/wp\/v2\/posts\/338313\/revisions"}],"predecessor-version":[{"id":338315,"href":"https:\/\/www.notibras.com\/site\/wp-json\/wp\/v2\/posts\/338313\/revisions\/338315"}],"wp:featuredmedia":[{"embeddable":true,"href":"https:\/\/www.notibras.com\/site\/wp-json\/wp\/v2\/media\/338314"}],"wp:attachment":[{"href":"https:\/\/www.notibras.com\/site\/wp-json\/wp\/v2\/media?parent=338313"}],"wp:term":[{"taxonomy":"category","embeddable":true,"href":"https:\/\/www.notibras.com\/site\/wp-json\/wp\/v2\/categories?post=338313"},{"taxonomy":"post_tag","embeddable":true,"href":"https:\/\/www.notibras.com\/site\/wp-json\/wp\/v2\/tags?post=338313"}],"curies":[{"name":"wp","href":"https:\/\/api.w.org\/{rel}","templated":true}]}}