{"id":338341,"date":"2024-10-10T00:01:52","date_gmt":"2024-10-10T03:01:52","guid":{"rendered":"https:\/\/www.notibras.com\/site\/?p=338341"},"modified":"2024-10-10T07:16:54","modified_gmt":"2024-10-10T10:16:54","slug":"correios-anunciam-concurso-para-preencher-3-mil-511-vagas","status":"publish","type":"post","link":"https:\/\/www.notibras.com\/site\/correios-anunciam-concurso-para-preencher-3-mil-511-vagas\/","title":{"rendered":"Correios anunciam concurso para preencher 3 mil 511 vagas"},"content":{"rendered":"<p>Para suprir a demanda por mais profissionais e evitar sobrecarga de trabalho, os Correios anunciaram nesta quarta-feira (9) a realiza\u00e7\u00e3o de novos concursos p\u00fablicos. Ser\u00e3o oferecidas 3.511 vagas imediatas, com vencimentos de at\u00e9 R$ 6,8 mil. Segundo a dire\u00e7\u00e3o da empresa, a medida visa a enfrentar uma demanda acumulada por mais de uma d\u00e9cada sem contrata\u00e7\u00f5es em n\u00edvel nacional.<\/p>\n<p>Conforme o edital, ser\u00e3o 3.099 vagas para n\u00edvel m\u00e9dio na fun\u00e7\u00e3o de agentes. Nesses casos, os sal\u00e1rios partem de 2.429,26. O concurso oferece mais 412 postos em n\u00edvel superior para o cargo de analista, com vencimentos iniciais de R$ 6.872,48.<\/p>\n<p>Entre os benef\u00edcios est\u00e3o vale alimenta\u00e7\u00e3o e refei\u00e7\u00e3o, vale-transporte, aux\u00edlio creche ou bab\u00e1 e a op\u00e7\u00e3o de contar com plano de sa\u00fade e previd\u00eancia complementar.<\/p>\n<p>No caso das vagas destinadas aos candidatos com forma\u00e7\u00e3o em n\u00edvel superior est\u00e3o oportunidades para advogados, analistas de sistemas, arquitetos, arquivistas, assistentes sociais e engenheiros. Pelo edital, 30% das vagas s\u00e3o para pessoas negras (pretas e pardas) e ind\u00edgenas. Outros 10% est\u00e3o reservadas para pessoas com defici\u00eancia.<\/p>\n<p>O per\u00edodo de inscri\u00e7\u00e3o come\u00e7a amanha (10) e segue at\u00e9 28 de outubro. As inscri\u00e7\u00f5es dever\u00e3o ser feitas pela internet, no site do Instituto Brasileiro de Forma\u00e7\u00e3o e Capacita\u00e7\u00e3o (IBFC), institui\u00e7\u00e3o respons\u00e1vel pelo concurso.<\/p>\n<p>As taxas de inscri\u00e7\u00e3o est\u00e3o em R$ 39,80 para n\u00edvel m\u00e9dio e R$ 42 para superior. Doadores de medula \u00f3ssea em entidades cadastradas no Minist\u00e9rio da Sa\u00fade e os inscritos no Cad\u00danico t\u00eam direto \u00e0 isen\u00e7\u00e3o da taxa de inscri\u00e7\u00e3o.<\/p>\n<p>O concurso, de abrang\u00eancia nacional, poder\u00e1 ser feito em at\u00e9 306 localidades espalhados em todos os estados e o Distrito Federal, com as provas previstas para 15 de dezembro.<\/p>\n<p>O prazo de validade do concurso \u00e9 de um ano a partir da homologa\u00e7\u00e3o dos resultados finais, com a possibilidade de prorroga\u00e7\u00e3o de mais 12 meses.<\/p>\n","protected":false},"excerpt":{"rendered":"<p>Para suprir a demanda por mais profissionais e evitar sobrecarga de trabalho, os Correios anunciaram nesta quarta-feira (9) a realiza\u00e7\u00e3o de novos concursos p\u00fablicos. Ser\u00e3o oferecidas 3.511 vagas imediatas, com vencimentos de at\u00e9 R$ 6,8 mil. Segundo a dire\u00e7\u00e3o da empresa, a medida visa a enfrentar uma demanda acumulada por mais de uma d\u00e9cada sem [&hellip;]<\/p>\n","protected":false},"author":2,"featured_media":338342,"comment_status":"closed","ping_status":"closed","sticky":false,"template":"","format":"standard","meta":{"_acf_changed":false,"footnotes":""},"categories":[161],"tags":[],"class_list":["post-338341","post","type-post","status-publish","format-standard","has-post-thumbnail","hentry","category-quadradinho-em-foco"],"acf":[],"_links":{"self":[{"href":"https:\/\/www.notibras.com\/site\/wp-json\/wp\/v2\/posts\/338341","targetHints":{"allow":["GET"]}}],"collection":[{"href":"https:\/\/www.notibras.com\/site\/wp-json\/wp\/v2\/posts"}],"about":[{"href":"https:\/\/www.notibras.com\/site\/wp-json\/wp\/v2\/types\/post"}],"author":[{"embeddable":true,"href":"https:\/\/www.notibras.com\/site\/wp-json\/wp\/v2\/users\/2"}],"replies":[{"embeddable":true,"href":"https:\/\/www.notibras.com\/site\/wp-json\/wp\/v2\/comments?post=338341"}],"version-history":[{"count":1,"href":"https:\/\/www.notibras.com\/site\/wp-json\/wp\/v2\/posts\/338341\/revisions"}],"predecessor-version":[{"id":338343,"href":"https:\/\/www.notibras.com\/site\/wp-json\/wp\/v2\/posts\/338341\/revisions\/338343"}],"wp:featuredmedia":[{"embeddable":true,"href":"https:\/\/www.notibras.com\/site\/wp-json\/wp\/v2\/media\/338342"}],"wp:attachment":[{"href":"https:\/\/www.notibras.com\/site\/wp-json\/wp\/v2\/media?parent=338341"}],"wp:term":[{"taxonomy":"category","embeddable":true,"href":"https:\/\/www.notibras.com\/site\/wp-json\/wp\/v2\/categories?post=338341"},{"taxonomy":"post_tag","embeddable":true,"href":"https:\/\/www.notibras.com\/site\/wp-json\/wp\/v2\/tags?post=338341"}],"curies":[{"name":"wp","href":"https:\/\/api.w.org\/{rel}","templated":true}]}}