{"id":338344,"date":"2024-10-10T00:00:06","date_gmt":"2024-10-10T03:00:06","guid":{"rendered":"https:\/\/www.notibras.com\/site\/?p=338344"},"modified":"2024-10-10T07:22:48","modified_gmt":"2024-10-10T10:22:48","slug":"cruzeiro-intensifica-limpeza-das-bocas-de-lobo-para-drenar-enxurradas","status":"publish","type":"post","link":"https:\/\/www.notibras.com\/site\/cruzeiro-intensifica-limpeza-das-bocas-de-lobo-para-drenar-enxurradas\/","title":{"rendered":"Cruzeiro intensifica limpeza das bocas de lobo para drenar enxurradas"},"content":{"rendered":"<p>Ap\u00f3s o intenso per\u00edodo de seca no DF, as folhas das \u00e1rvores que ca\u00edam com grande intensidade, necessitavam de um cuidado maior pela possibilidade de gerar problemas ao sistema de drenagem, com as bocas de lobo, que s\u00e3o necess\u00e1rias para o escoamento de \u00e1guas pluviais.<\/p>\n<p>E de forma a ressaltar os cuidados necess\u00e1rios para a esta\u00e7\u00e3o que se aproxima, o Cruzeiro est\u00e1 recebendo um refor\u00e7o a mais do Programa M\u00e3os Dadas, da Secretaria de Administra\u00e7\u00e3o Penitenci\u00e1ria, juntamente com a for\u00e7a-tarefa da equipe de obras da administra\u00e7\u00e3o regional.<\/p>\n<p>A equipe do M\u00e3os Dadas est\u00e1 desde o dia 7 de outubro, especificamente nesta frente de servi\u00e7o, juntamente com a equipe da Funda\u00e7\u00e3o de Amparo ao Trabalhador Preso | Foto: Divulga\u00e7\u00e3o\/Administra\u00e7\u00e3o Regional do Cruzeiro<\/p>\n<p>At\u00e9 o momento, foram 150 bocas de lobo atendidas. A equipe do M\u00e3os Dadas est\u00e1 desde o dia 7 de outubro, especificamente nesta frente de servi\u00e7o, juntamente com a equipe da Funda\u00e7\u00e3o de Amparo ao Trabalhador Preso (Funap\/DF).<\/p>\n<p>O servidor Jos\u00e9 Severino, que est\u00e1 na administra\u00e7\u00e3o h\u00e1 mais de 16 anos, aos 82 anos de vida, est\u00e1 coordenando esses trabalhadores. Ele n\u00e3o mede esfor\u00e7os para ver a cidade em que mora e trabalha, sendo bem cuidada. \u201cMe deram essa miss\u00e3o, que eu gosto, porque quero ver nossas bocas de lobo todas limpas\u201d, destaca Severino.<\/p>\n<p>Recentemente, o Servi\u00e7o de Limpeza Urbana (SLU), realizou um trabalho nas pra\u00e7as e \u00e1reas verdes do Cruzeiro, retirando toneladas de folhas verdes, j\u00e1 prevenindo contra \u00e0 dengue e as possibilidades desse lixo verde ir direto para as bocas de lobo. O administrador do Cruzeiro, Gustavo Aires, agradeceu por todo o empenho do GDF em atender as necessidades da popula\u00e7\u00e3o.<\/p>\n<p>\u201cCada programa que vem auxiliar nas nossas demandas do dia a dia, \u00e9 uma grande satisfa\u00e7\u00e3o pra gente. Porque conseguimos avan\u00e7ar mais, dando prioridades tamb\u00e9m a outros servi\u00e7os essenciais para os moradores do nosso Cruzeiro\u201d, comenta Aires.<\/p>\n","protected":false},"excerpt":{"rendered":"<p>Ap\u00f3s o intenso per\u00edodo de seca no DF, as folhas das \u00e1rvores que ca\u00edam com grande intensidade, necessitavam de um cuidado maior pela possibilidade de gerar problemas ao sistema de drenagem, com as bocas de lobo, que s\u00e3o necess\u00e1rias para o escoamento de \u00e1guas pluviais. E de forma a ressaltar os cuidados necess\u00e1rios para a [&hellip;]<\/p>\n","protected":false},"author":2,"featured_media":338345,"comment_status":"closed","ping_status":"closed","sticky":false,"template":"","format":"standard","meta":{"_acf_changed":false,"footnotes":""},"categories":[161],"tags":[],"class_list":["post-338344","post","type-post","status-publish","format-standard","has-post-thumbnail","hentry","category-quadradinho-em-foco"],"acf":[],"_links":{"self":[{"href":"https:\/\/www.notibras.com\/site\/wp-json\/wp\/v2\/posts\/338344","targetHints":{"allow":["GET"]}}],"collection":[{"href":"https:\/\/www.notibras.com\/site\/wp-json\/wp\/v2\/posts"}],"about":[{"href":"https:\/\/www.notibras.com\/site\/wp-json\/wp\/v2\/types\/post"}],"author":[{"embeddable":true,"href":"https:\/\/www.notibras.com\/site\/wp-json\/wp\/v2\/users\/2"}],"replies":[{"embeddable":true,"href":"https:\/\/www.notibras.com\/site\/wp-json\/wp\/v2\/comments?post=338344"}],"version-history":[{"count":1,"href":"https:\/\/www.notibras.com\/site\/wp-json\/wp\/v2\/posts\/338344\/revisions"}],"predecessor-version":[{"id":338346,"href":"https:\/\/www.notibras.com\/site\/wp-json\/wp\/v2\/posts\/338344\/revisions\/338346"}],"wp:featuredmedia":[{"embeddable":true,"href":"https:\/\/www.notibras.com\/site\/wp-json\/wp\/v2\/media\/338345"}],"wp:attachment":[{"href":"https:\/\/www.notibras.com\/site\/wp-json\/wp\/v2\/media?parent=338344"}],"wp:term":[{"taxonomy":"category","embeddable":true,"href":"https:\/\/www.notibras.com\/site\/wp-json\/wp\/v2\/categories?post=338344"},{"taxonomy":"post_tag","embeddable":true,"href":"https:\/\/www.notibras.com\/site\/wp-json\/wp\/v2\/tags?post=338344"}],"curies":[{"name":"wp","href":"https:\/\/api.w.org\/{rel}","templated":true}]}}