{"id":338347,"date":"2024-10-10T00:00:14","date_gmt":"2024-10-10T03:00:14","guid":{"rendered":"https:\/\/www.notibras.com\/site\/?p=338347"},"modified":"2024-10-10T07:28:56","modified_gmt":"2024-10-10T10:28:56","slug":"usuarios-tem-novas-linhas-de-onibus-e-ganham-transporte-de-vizinhanca","status":"publish","type":"post","link":"https:\/\/www.notibras.com\/site\/usuarios-tem-novas-linhas-de-onibus-e-ganham-transporte-de-vizinhanca\/","title":{"rendered":"Usu\u00e1rios t\u00eam novas linhas de \u00f4nibus e ganham Transporte de Vizinhan\u00e7a"},"content":{"rendered":"<p>Na sequ\u00eancia de \u00c1guas Claras e Arniqueira, Taguatinga passou a ser a terceira regi\u00e3o administrativa do Distrito Federal a contar com novas linhas de Transporte de Vizinhan\u00e7a, os populares zebrinhas. Desde 2023, outras regi\u00f5es t\u00eam recebido o servi\u00e7o, que antes circulava apenas no Plano Piloto. Bem aceitos pela popula\u00e7\u00e3o e passando por amplia\u00e7\u00e3o na frota e nas viagens, os mini\u00f4nibus s\u00e3o identificados visualmente na cor vermelha com listras brancas e possuem tarifa de R$ 2,70 \u2013 al\u00e9m de serem equipados com ar-condicionado.<\/p>\n<p>J\u00e1 utilizando os novos zebrinhas de Taguatinga, o estudante Felipe Rodrigues, 19 anos, descreve a linha como uma boa alternativa pela rota r\u00e1pida e, especialmente, pelo ar-condicionado. Morando na regi\u00e3o, o jovem gasta menos de sete minutos no trajeto de casa at\u00e9 a faculdade. \u201cAntes, eu tinha que esperar outros \u00f4nibus e, esse aqui, tem a rota certinha para eu descer na faculdade; \u00e9 bem mais r\u00e1pido. Eu quase sempre pego ele, facilita bastante a vida do passageiro\u201d.<\/p>\n<p>O comerciante de 64 anos Elias Silva, por sua vez, mora em Arniqueira e tem como deslocamento principal levar a netinha at\u00e9 a escola ou ir \u00e0 igreja. Ele afirma que opta pelo Transporte de Vizinhan\u00e7a pela praticidade e rapidez. \u201cAqui tem bastante condu\u00e7\u00e3o, mas passam todas no mesmo hor\u00e1rio, ent\u00e3o complica um pouco para a gente. E a\u00ed o Zebrinha trouxe essa celeridade; \u00e0s vezes voc\u00ea perde um ou dois \u00f4nibus, mas logo depois j\u00e1 vem um Zebrinha. Isso tem ajudado bastante a popula\u00e7\u00e3o de Arniqueira\u201d, observa.<\/p>\n<p>O secret\u00e1rio de Transporte e Mobilidade, Zeno Gon\u00e7alves, destaca que o sistema atende bairros espec\u00edficos e foi reativado para facilitar a locomo\u00e7\u00e3o em \u00e1reas locais, sendo uma alternativa mais r\u00e1pida e barata. \u201c\u00c9 para atender essa demanda localizada, onde a pessoa n\u00e3o precisa pegar grandes circulares ou vias expressas para acessar com\u00e9rcios ou \u00f3rg\u00e3os p\u00fablicos. Tamb\u00e9m oferece uma viagem mais confort\u00e1vel e tem essa identifica\u00e7\u00e3o espec\u00edfica para n\u00e3o confundir com as vias convencionais. N\u00f3s temos que olhar sempre para a modernidade e o avan\u00e7o tecnol\u00f3gico do nosso transporte; essa \u00e9 a determina\u00e7\u00e3o do nosso governador\u201d, pontua.<\/p>\n<p>Entre os que j\u00e1 perceberam o aumento da frota de \u00f4nibus circular em Taguatinga est\u00e1 o estudante Lucas de Sousa, de 19 anos. Ele mora em Samambaia, mas vez ou outra precisa ir a Taguatinga para fazer alguns trabalhos de est\u00e1gio da faculdade. \u201cD\u00e1 para ver que est\u00e1 tendo mais \u00f4nibus para outras regi\u00f5es, especialmente em Taguatinga. Aumentar a quantidade de \u00f4nibus significa menos tempo esperando na parada e menos tempo gasto para chegar aos lugares, ent\u00e3o facilita um pouco a vida\u201d, refor\u00e7a.<\/p>\n<p>De 2019 at\u00e9 setembro deste ano foram 252 linhas de \u00f4nibus criadas e retomadas pelo governo, ampliando a oferta de \u00f4nibus no Distrito Federal. Da Rodovi\u00e1ria de Taguatinga, por exemplo, saem cerca de 206 ve\u00edculos apenas no per\u00edodo da manh\u00e3. Al\u00e9m das frotas renovadas, o Governo do Distrito Federal (GDF) investiu na moderniza\u00e7\u00e3o do setor com novos terminais, corredores exclusivos e pagamento digital, visando tornar o transporte mais eficiente e seguro.<\/p>\n<p>O secret\u00e1rio de Transporte e Mobilidade ressalta que, mesmo com a pandemia, o DF foi a regi\u00e3o que mais rapidamente retomou os n\u00edveis de transporte p\u00fablico pr\u00e9-pandemia, mantendo 100% da frota em opera\u00e7\u00e3o e sem demiss\u00f5es de rodovi\u00e1rios. Isso permitiu o retorno dos passageiros, atualmente em n\u00edveis superiores ao per\u00edodo anterior \u00e0 crise sanit\u00e1ria.<\/p>\n<p>\u201cO governo monitora e ajusta a demanda de transporte p\u00fablico semanalmente, ampliando hor\u00e1rios e frota conforme o necess\u00e1rio, especialmente nos hor\u00e1rios de pico. Os usu\u00e1rios est\u00e3o entendendo que o transporte p\u00fablico \u00e9 uma maneira mais sustent\u00e1vel, econ\u00f4mica e r\u00e1pida de se deslocar. Bras\u00edlia sofre uma migra\u00e7\u00e3o interna de mais de um milh\u00e3o de pessoas durante 8h por dia, e isso \u00e9 um desafio para o sistema. Mas a determina\u00e7\u00e3o do governador \u00e9 sempre atender as demandas onde elas surgem\u201d, acentua.<\/p>\n","protected":false},"excerpt":{"rendered":"<p>Na sequ\u00eancia de \u00c1guas Claras e Arniqueira, Taguatinga passou a ser a terceira regi\u00e3o administrativa do Distrito Federal a contar com novas linhas de Transporte de Vizinhan\u00e7a, os populares zebrinhas. Desde 2023, outras regi\u00f5es t\u00eam recebido o servi\u00e7o, que antes circulava apenas no Plano Piloto. Bem aceitos pela popula\u00e7\u00e3o e passando por amplia\u00e7\u00e3o na frota [&hellip;]<\/p>\n","protected":false},"author":2,"featured_media":338348,"comment_status":"closed","ping_status":"closed","sticky":false,"template":"","format":"standard","meta":{"_acf_changed":false,"footnotes":""},"categories":[161],"tags":[],"class_list":["post-338347","post","type-post","status-publish","format-standard","has-post-thumbnail","hentry","category-quadradinho-em-foco"],"acf":[],"_links":{"self":[{"href":"https:\/\/www.notibras.com\/site\/wp-json\/wp\/v2\/posts\/338347","targetHints":{"allow":["GET"]}}],"collection":[{"href":"https:\/\/www.notibras.com\/site\/wp-json\/wp\/v2\/posts"}],"about":[{"href":"https:\/\/www.notibras.com\/site\/wp-json\/wp\/v2\/types\/post"}],"author":[{"embeddable":true,"href":"https:\/\/www.notibras.com\/site\/wp-json\/wp\/v2\/users\/2"}],"replies":[{"embeddable":true,"href":"https:\/\/www.notibras.com\/site\/wp-json\/wp\/v2\/comments?post=338347"}],"version-history":[{"count":1,"href":"https:\/\/www.notibras.com\/site\/wp-json\/wp\/v2\/posts\/338347\/revisions"}],"predecessor-version":[{"id":338349,"href":"https:\/\/www.notibras.com\/site\/wp-json\/wp\/v2\/posts\/338347\/revisions\/338349"}],"wp:featuredmedia":[{"embeddable":true,"href":"https:\/\/www.notibras.com\/site\/wp-json\/wp\/v2\/media\/338348"}],"wp:attachment":[{"href":"https:\/\/www.notibras.com\/site\/wp-json\/wp\/v2\/media?parent=338347"}],"wp:term":[{"taxonomy":"category","embeddable":true,"href":"https:\/\/www.notibras.com\/site\/wp-json\/wp\/v2\/categories?post=338347"},{"taxonomy":"post_tag","embeddable":true,"href":"https:\/\/www.notibras.com\/site\/wp-json\/wp\/v2\/tags?post=338347"}],"curies":[{"name":"wp","href":"https:\/\/api.w.org\/{rel}","templated":true}]}}