{"id":338350,"date":"2024-10-10T00:33:03","date_gmt":"2024-10-10T03:33:03","guid":{"rendered":"https:\/\/www.notibras.com\/site\/?p=338350"},"modified":"2024-10-10T07:34:36","modified_gmt":"2024-10-10T10:34:36","slug":"decreto-garante-preservacao-de-cerrado-em-area-ambiental","status":"publish","type":"post","link":"https:\/\/www.notibras.com\/site\/decreto-garante-preservacao-de-cerrado-em-area-ambiental\/","title":{"rendered":"Decreto garante preserva\u00e7\u00e3o de Cerrado em \u00e1rea ambiental"},"content":{"rendered":"<p>O Pal\u00e1cio do Buriti publicou o Decreto n\u00ba 46.365, que estabelece procedimentos para a cria\u00e7\u00e3o de reservas particulares do patrim\u00f4nio natural (RPPNs) e \u00e1reas de servid\u00e3o ambiental (ASAs) em empreendimentos de parcelamento de solo na \u00c1rea de Prote\u00e7\u00e3o Ambiental (APA) da Bacia do Rio S\u00e3o Bartolomeu. A medida visa preservar os remanescentes do Cerrado e a biodiversidade dessa importante regi\u00e3o ambiental do DF.<\/p>\n<p>De acordo com o secret\u00e1rio de Meio Ambiente Gutemberg Gomes, \u201co decreto \u00e9 um passo importante para garantir a preserva\u00e7\u00e3o da biodiversidade e dos recursos naturais nessa regi\u00e3o de grande valor ambiental para o Distrito Federal\u201d. Ele ressalta que a destina\u00e7\u00e3o de \u00e1reas protegidas dentro dos empreendimentos pr\u00f3prios \u00e9 fundamental para conciliar o desenvolvimento urbano com a conserva\u00e7\u00e3o do meio ambiente.<\/p>\n<p>O decreto determina que os empreendimentos de parcelamento na Zona de Ocupa\u00e7\u00e3o Especial de Interesse Ambiental (Zoeia) da APA do Rio S\u00e3o Bartolomeu dever\u00e3o destinar \u00e1reas para a cria\u00e7\u00e3o de RPPN e \u00e1reas de servid\u00e3o ambiental com no m\u00ednimo 80% de remanescentes da vegeta\u00e7\u00e3o nativa de Cerrado.<\/p>\n<p>\u201cEsta regulamenta\u00e7\u00e3o vai garantir a preserva\u00e7\u00e3o efetiva de importantes remanescentes de Cerrado na APA do Rio S\u00e3o Bartolomeu, contribuindo para a manuten\u00e7\u00e3o do equil\u00edbrio ecol\u00f3gico da regi\u00e3o\u201d, afirma Gutemberg Gomes.<\/p>\n<p>As RPPN e as \u00e1reas de servid\u00e3o ambiental ser\u00e3o criadas em car\u00e1ter perp\u00e9tuo, n\u00e3o podendo haver supress\u00e3o da vegeta\u00e7\u00e3o nativa. Nos casos em que n\u00e3o haja remanescentes de Cerrado, o empreendedor dever\u00e1 realizar a recomposi\u00e7\u00e3o da vegeta\u00e7\u00e3o nativa.<\/p>\n<p>O decreto tamb\u00e9m estabelece regras para a transforma\u00e7\u00e3o das \u00e1reas de servid\u00e3o ambiental em parques urbanos, desde que respeitados os percentuais m\u00ednimos de \u00e1reas perme\u00e1veis e de vegeta\u00e7\u00e3o nativa.<\/p>\n<p>Com essas novas medidas, o GDF busca conciliar o desenvolvimento urbano com a prote\u00e7\u00e3o ambiental, garantindo a conserva\u00e7\u00e3o da biodiversidade e dos recursos naturais da Bacia do Rio S\u00e3o Bartolomeu.<\/p>\n","protected":false},"excerpt":{"rendered":"<p>O Pal\u00e1cio do Buriti publicou o Decreto n\u00ba 46.365, que estabelece procedimentos para a cria\u00e7\u00e3o de reservas particulares do patrim\u00f4nio natural (RPPNs) e \u00e1reas de servid\u00e3o ambiental (ASAs) em empreendimentos de parcelamento de solo na \u00c1rea de Prote\u00e7\u00e3o Ambiental (APA) da Bacia do Rio S\u00e3o Bartolomeu. A medida visa preservar os remanescentes do Cerrado e [&hellip;]<\/p>\n","protected":false},"author":2,"featured_media":338351,"comment_status":"closed","ping_status":"closed","sticky":false,"template":"","format":"standard","meta":{"_acf_changed":false,"footnotes":""},"categories":[161],"tags":[],"class_list":["post-338350","post","type-post","status-publish","format-standard","has-post-thumbnail","hentry","category-quadradinho-em-foco"],"acf":[],"_links":{"self":[{"href":"https:\/\/www.notibras.com\/site\/wp-json\/wp\/v2\/posts\/338350","targetHints":{"allow":["GET"]}}],"collection":[{"href":"https:\/\/www.notibras.com\/site\/wp-json\/wp\/v2\/posts"}],"about":[{"href":"https:\/\/www.notibras.com\/site\/wp-json\/wp\/v2\/types\/post"}],"author":[{"embeddable":true,"href":"https:\/\/www.notibras.com\/site\/wp-json\/wp\/v2\/users\/2"}],"replies":[{"embeddable":true,"href":"https:\/\/www.notibras.com\/site\/wp-json\/wp\/v2\/comments?post=338350"}],"version-history":[{"count":1,"href":"https:\/\/www.notibras.com\/site\/wp-json\/wp\/v2\/posts\/338350\/revisions"}],"predecessor-version":[{"id":338352,"href":"https:\/\/www.notibras.com\/site\/wp-json\/wp\/v2\/posts\/338350\/revisions\/338352"}],"wp:featuredmedia":[{"embeddable":true,"href":"https:\/\/www.notibras.com\/site\/wp-json\/wp\/v2\/media\/338351"}],"wp:attachment":[{"href":"https:\/\/www.notibras.com\/site\/wp-json\/wp\/v2\/media?parent=338350"}],"wp:term":[{"taxonomy":"category","embeddable":true,"href":"https:\/\/www.notibras.com\/site\/wp-json\/wp\/v2\/categories?post=338350"},{"taxonomy":"post_tag","embeddable":true,"href":"https:\/\/www.notibras.com\/site\/wp-json\/wp\/v2\/tags?post=338350"}],"curies":[{"name":"wp","href":"https:\/\/api.w.org\/{rel}","templated":true}]}}