{"id":338415,"date":"2024-10-11T07:36:25","date_gmt":"2024-10-11T10:36:25","guid":{"rendered":"https:\/\/www.notibras.com\/site\/?p=338415"},"modified":"2024-10-11T07:37:03","modified_gmt":"2024-10-11T10:37:03","slug":"falta-de-esgoto-mata-e-impede-que-crianca-nordestina-vire-adulto","status":"publish","type":"post","link":"https:\/\/www.notibras.com\/site\/falta-de-esgoto-mata-e-impede-que-crianca-nordestina-vire-adulto\/","title":{"rendered":"Falta de esgoto mata e impede que crian\u00e7a nordestina vire adulto"},"content":{"rendered":"<p>O Fundo das Na\u00e7\u00f5es Unidas para a Inf\u00e2ncia (Unicef) faz um alerta que 12,2 milh\u00f5es de crian\u00e7as e adolescentes vivem sem acesso adequado ao esgotamento sanit\u00e1rio e 2,1 milh\u00f5es sem acesso adequado a \u00e1gua no Brasil. Segundo o Unicef, essa realidade os exp\u00f5e a riscos severos, comprometendo a sa\u00fade, afetando o desenvolvimento f\u00edsico, educacional e social.<\/p>\n<p>Para alertar sobre o tema, o Unicef lan\u00e7a uma campanha com o Ratinho do Castelo R\u00e1-Tim-Bum, com o objetivo de arrecadar fundos para projetos voltados ao acesso de meninas e meninos a \u00e1gua, saneamento e higiene. O Unicef lan\u00e7a essa campanha no contexto do Dia da Crian\u00e7as, comemorado dia 12 de outubro.<\/p>\n<p>As informa\u00e7\u00f5es sobre \u00e1gua e esgoto foram obtidas a partir do Censo Demogr\u00e1fico 2022, do Instituto Brasileiro de Geografia e Estat\u00edstica (IBGE). Essas car\u00eancias, concentradas principalmente em \u00e1reas mais vulner\u00e1veis, aumentam a desigualdade social, agravam a vulnerabilidade dessas crian\u00e7as e adolescentes e, a longo prazo, implicam em consequ\u00eancias como impactos na sa\u00fade e baixo desempenho escolar.<\/p>\n<p>De acordo com os dados, os desafios de acesso a \u00e1gua e saneamento s\u00e3o mais severos no semi\u00e1rido nordestino. Em rela\u00e7\u00e3o a cor\/ra\u00e7a, quase 70% das crian\u00e7as e adolescentes com acesso inadequado a esgotamento sanit\u00e1rio s\u00e3o pretas ou pardas.<\/p>\n<p>Segundo Lidia Carvalho, coordenadora de marketing do Unicef, esse acesso prec\u00e1rio ou inexistente tanto \u00e0 \u00e1gua quanto ao saneamento, tem impactos n\u00e3o s\u00f3 no momento presente, mas no futuro tamb\u00e9m das crian\u00e7as e adolescentes. \u201cGeram problemas eu prejudicam seu desenvolvimento, risco de doen\u00e7as, abandono ou atraso escolar e o aumento das desigualdades\u201d.<\/p>\n<p>\u201cO acesso seguro a \u00e1gua e saneamento, para todas as crian\u00e7as e adolescentes, \u00e9 um direito humano, reconhecido pelas Na\u00e7\u00f5es Unidas desde 2010. Prover e fortalecer pol\u00edticas p\u00fablicas voltadas para o acesso seguro ao saneamento b\u00e1sico \u00e9 um fator fundamental para avan\u00e7armos rumo aos objetivos do desenvolvimento sustent\u00e1vel, sem deixar ningu\u00e9m para tr\u00e1s\u201d, defende Rodrigo Resende, Oficial de \u00c1gua, Saneamento e Higiene do Unicef no Brasil.<\/p>\n","protected":false},"excerpt":{"rendered":"<p>O Fundo das Na\u00e7\u00f5es Unidas para a Inf\u00e2ncia (Unicef) faz um alerta que 12,2 milh\u00f5es de crian\u00e7as e adolescentes vivem sem acesso adequado ao esgotamento sanit\u00e1rio e 2,1 milh\u00f5es sem acesso adequado a \u00e1gua no Brasil. Segundo o Unicef, essa realidade os exp\u00f5e a riscos severos, comprometendo a sa\u00fade, afetando o desenvolvimento f\u00edsico, educacional e [&hellip;]<\/p>\n","protected":false},"author":2,"featured_media":338416,"comment_status":"closed","ping_status":"closed","sticky":false,"template":"","format":"standard","meta":{"_acf_changed":false,"footnotes":""},"categories":[165],"tags":[],"class_list":["post-338415","post","type-post","status-publish","format-standard","has-post-thumbnail","hentry","category-nordeste"],"acf":[],"_links":{"self":[{"href":"https:\/\/www.notibras.com\/site\/wp-json\/wp\/v2\/posts\/338415","targetHints":{"allow":["GET"]}}],"collection":[{"href":"https:\/\/www.notibras.com\/site\/wp-json\/wp\/v2\/posts"}],"about":[{"href":"https:\/\/www.notibras.com\/site\/wp-json\/wp\/v2\/types\/post"}],"author":[{"embeddable":true,"href":"https:\/\/www.notibras.com\/site\/wp-json\/wp\/v2\/users\/2"}],"replies":[{"embeddable":true,"href":"https:\/\/www.notibras.com\/site\/wp-json\/wp\/v2\/comments?post=338415"}],"version-history":[{"count":1,"href":"https:\/\/www.notibras.com\/site\/wp-json\/wp\/v2\/posts\/338415\/revisions"}],"predecessor-version":[{"id":338417,"href":"https:\/\/www.notibras.com\/site\/wp-json\/wp\/v2\/posts\/338415\/revisions\/338417"}],"wp:featuredmedia":[{"embeddable":true,"href":"https:\/\/www.notibras.com\/site\/wp-json\/wp\/v2\/media\/338416"}],"wp:attachment":[{"href":"https:\/\/www.notibras.com\/site\/wp-json\/wp\/v2\/media?parent=338415"}],"wp:term":[{"taxonomy":"category","embeddable":true,"href":"https:\/\/www.notibras.com\/site\/wp-json\/wp\/v2\/categories?post=338415"},{"taxonomy":"post_tag","embeddable":true,"href":"https:\/\/www.notibras.com\/site\/wp-json\/wp\/v2\/tags?post=338415"}],"curies":[{"name":"wp","href":"https:\/\/api.w.org\/{rel}","templated":true}]}}