{"id":338418,"date":"2024-10-11T07:49:53","date_gmt":"2024-10-11T10:49:53","guid":{"rendered":"https:\/\/www.notibras.com\/site\/?p=338418"},"modified":"2024-10-11T07:49:53","modified_gmt":"2024-10-11T10:49:53","slug":"banco-brb-e-apex-abrem-portas-do-mundo-para-produtores-locais","status":"publish","type":"post","link":"https:\/\/www.notibras.com\/site\/banco-brb-e-apex-abrem-portas-do-mundo-para-produtores-locais\/","title":{"rendered":"Banco BRB e Apex abrem portas do mundo para produtores locais"},"content":{"rendered":"<p>As secretarias de Rela\u00e7\u00f5es Internacionais e a de Desenvolvimento, Trabalho e Renda realizar\u00e3o, em parceria com o Banco BRB e a Ag\u00eancia Brasileira de Promo\u00e7\u00e3o de Exporta\u00e7\u00f5es e Investimentos (ApexBrasil) promovem no pr\u00f3ximo dia 15 um evento para abrir as portas do mercado externo para produtores do Distrito Federal.<\/p>\n<p>O encontro ser\u00e1 uma oportunidade para as empresas da regi\u00e3o conhecerem as solu\u00e7\u00f5es de apoio \u00e0 exporta\u00e7\u00e3o e assim se prepararem para a entrada no mercado internacional.<\/p>\n<p>A programa\u00e7\u00e3o ser\u00e1 dividida em dois turnos. No per\u00edodo matutino, haver\u00e1 a presen\u00e7a de palestrantes de alto n\u00edvel, incluindo a participa\u00e7\u00e3o dos presidentes do Banco BRB Paulo Henrique Costa e da ApexBrasil, Jorge Viana. Na ocasi\u00e3o, ser\u00e3o abordados temas relevantes para o processo exportador e ser\u00e1 realizado o Lan\u00e7amento do Programa de Qualifica\u00e7\u00e3o para Exporta\u00e7\u00e3o (Peiex). O objetivo apoiar as empresas da regi\u00e3o no processo exportador.<\/p>\n<p>As empresas ter\u00e3o acesso a conte\u00fado t\u00e9cnico, com atendimentos individualizados e experi\u00eancias imersivas em ferramentas para a exporta\u00e7\u00e3o. Al\u00e9m disso, a estrutura do evento tamb\u00e9m contar\u00e1 com exposi\u00e7\u00f5es de produtos das empresas atendidas pelo Peiex e esta\u00e7\u00f5es de atendimento dos parceiros, buscando oferecer oportunidade de conhecimento para as empresas e melhor engajamento com o tema.<\/p>\n<p>Durante o evento, ser\u00e1 lan\u00e7ado tamb\u00e9m o estudo de intelig\u00eancia sobre o Distrito Federal, produto da ApexBrasil que traz um panorama das exporta\u00e7\u00f5es e dos setores produtivos da capital da Rep\u00fablica.<\/p>\n","protected":false},"excerpt":{"rendered":"<p>As secretarias de Rela\u00e7\u00f5es Internacionais e a de Desenvolvimento, Trabalho e Renda realizar\u00e3o, em parceria com o Banco BRB e a Ag\u00eancia Brasileira de Promo\u00e7\u00e3o de Exporta\u00e7\u00f5es e Investimentos (ApexBrasil) promovem no pr\u00f3ximo dia 15 um evento para abrir as portas do mercado externo para produtores do Distrito Federal. O encontro ser\u00e1 uma oportunidade para [&hellip;]<\/p>\n","protected":false},"author":2,"featured_media":165435,"comment_status":"closed","ping_status":"closed","sticky":false,"template":"","format":"standard","meta":{"_acf_changed":false,"footnotes":""},"categories":[161],"tags":[],"class_list":["post-338418","post","type-post","status-publish","format-standard","has-post-thumbnail","hentry","category-quadradinho-em-foco"],"acf":[],"_links":{"self":[{"href":"https:\/\/www.notibras.com\/site\/wp-json\/wp\/v2\/posts\/338418","targetHints":{"allow":["GET"]}}],"collection":[{"href":"https:\/\/www.notibras.com\/site\/wp-json\/wp\/v2\/posts"}],"about":[{"href":"https:\/\/www.notibras.com\/site\/wp-json\/wp\/v2\/types\/post"}],"author":[{"embeddable":true,"href":"https:\/\/www.notibras.com\/site\/wp-json\/wp\/v2\/users\/2"}],"replies":[{"embeddable":true,"href":"https:\/\/www.notibras.com\/site\/wp-json\/wp\/v2\/comments?post=338418"}],"version-history":[{"count":2,"href":"https:\/\/www.notibras.com\/site\/wp-json\/wp\/v2\/posts\/338418\/revisions"}],"predecessor-version":[{"id":338420,"href":"https:\/\/www.notibras.com\/site\/wp-json\/wp\/v2\/posts\/338418\/revisions\/338420"}],"wp:featuredmedia":[{"embeddable":true,"href":"https:\/\/www.notibras.com\/site\/wp-json\/wp\/v2\/media\/165435"}],"wp:attachment":[{"href":"https:\/\/www.notibras.com\/site\/wp-json\/wp\/v2\/media?parent=338418"}],"wp:term":[{"taxonomy":"category","embeddable":true,"href":"https:\/\/www.notibras.com\/site\/wp-json\/wp\/v2\/categories?post=338418"},{"taxonomy":"post_tag","embeddable":true,"href":"https:\/\/www.notibras.com\/site\/wp-json\/wp\/v2\/tags?post=338418"}],"curies":[{"name":"wp","href":"https:\/\/api.w.org\/{rel}","templated":true}]}}