{"id":338421,"date":"2024-10-11T00:00:04","date_gmt":"2024-10-11T03:00:04","guid":{"rendered":"https:\/\/www.notibras.com\/site\/?p=338421"},"modified":"2024-10-11T07:59:50","modified_gmt":"2024-10-11T10:59:50","slug":"corrida-marca-apoio-a-casa-de-assistencia-com-portadores-de-cancer","status":"publish","type":"post","link":"https:\/\/www.notibras.com\/site\/corrida-marca-apoio-a-casa-de-assistencia-com-portadores-de-cancer\/","title":{"rendered":"Corrida marca apoio a casa de assist\u00eancia com portadores de c\u00e2ncer"},"content":{"rendered":"<p>A Casa de Apoio ao Portador de C\u00e2ncer, mantida pela entidade Amigas Viva a Vida, em Patos, no Sert\u00e3o paraibano, realizar\u00e1 no pr\u00f3ximo dia 20 a 5\u00aa Corrida e Caminhada Pela Vida, dentro das atividades do Outubro Rosa, campanha de preven\u00e7\u00e3o ao c\u00e2ncer de mama.<\/p>\n<p>O objetivo \u00e9 arrecadar recursos para a manuten\u00e7\u00e3o das a\u00e7\u00f5es em apoio aos pacientes v\u00edtimas da doen\u00e7a. As inscri\u00e7\u00f5es est\u00e3o abertas e o evento tem o apoio da Funasa Sa\u00fade. A largada ser\u00e1 \u00e0s 6h em frente \u00e0 Casa de Apio ao Portador de C\u00e2ncer.<\/p>\n<p>S\u00e3o dois percursos disponibilizados: a caminhada de tr\u00eas quil\u00f4metros e a corrida de cinco quil\u00f4metros.<\/p>\n<p>A organizadora da corrida e volunt\u00e1ria da entidade Higia Vieira Trigueiro ressalta o apoio da Funasa Sa\u00fade na realiza\u00e7\u00e3o da corrida. \u201cA Amigas Viva a Vida atua junto \u00e0s pacientes que passaram ou est\u00e3o em tratamento contra o c\u00e2ncer, contribuindo para aumentar a autoestima dessas mulheres e a Funasa Sa\u00fade est\u00e1 abra\u00e7ando essa causa muito nobre. Estamos felizes com o apoio da Funasa Sa\u00fade ao evento\u201d.<\/p>\n","protected":false},"excerpt":{"rendered":"<p>A Casa de Apoio ao Portador de C\u00e2ncer, mantida pela entidade Amigas Viva a Vida, em Patos, no Sert\u00e3o paraibano, realizar\u00e1 no pr\u00f3ximo dia 20 a 5\u00aa Corrida e Caminhada Pela Vida, dentro das atividades do Outubro Rosa, campanha de preven\u00e7\u00e3o ao c\u00e2ncer de mama. O objetivo \u00e9 arrecadar recursos para a manuten\u00e7\u00e3o das a\u00e7\u00f5es [&hellip;]<\/p>\n","protected":false},"author":2,"featured_media":338423,"comment_status":"closed","ping_status":"closed","sticky":false,"template":"","format":"standard","meta":{"_acf_changed":false,"footnotes":""},"categories":[165],"tags":[],"class_list":["post-338421","post","type-post","status-publish","format-standard","has-post-thumbnail","hentry","category-nordeste"],"acf":[],"_links":{"self":[{"href":"https:\/\/www.notibras.com\/site\/wp-json\/wp\/v2\/posts\/338421","targetHints":{"allow":["GET"]}}],"collection":[{"href":"https:\/\/www.notibras.com\/site\/wp-json\/wp\/v2\/posts"}],"about":[{"href":"https:\/\/www.notibras.com\/site\/wp-json\/wp\/v2\/types\/post"}],"author":[{"embeddable":true,"href":"https:\/\/www.notibras.com\/site\/wp-json\/wp\/v2\/users\/2"}],"replies":[{"embeddable":true,"href":"https:\/\/www.notibras.com\/site\/wp-json\/wp\/v2\/comments?post=338421"}],"version-history":[{"count":1,"href":"https:\/\/www.notibras.com\/site\/wp-json\/wp\/v2\/posts\/338421\/revisions"}],"predecessor-version":[{"id":338424,"href":"https:\/\/www.notibras.com\/site\/wp-json\/wp\/v2\/posts\/338421\/revisions\/338424"}],"wp:featuredmedia":[{"embeddable":true,"href":"https:\/\/www.notibras.com\/site\/wp-json\/wp\/v2\/media\/338423"}],"wp:attachment":[{"href":"https:\/\/www.notibras.com\/site\/wp-json\/wp\/v2\/media?parent=338421"}],"wp:term":[{"taxonomy":"category","embeddable":true,"href":"https:\/\/www.notibras.com\/site\/wp-json\/wp\/v2\/categories?post=338421"},{"taxonomy":"post_tag","embeddable":true,"href":"https:\/\/www.notibras.com\/site\/wp-json\/wp\/v2\/tags?post=338421"}],"curies":[{"name":"wp","href":"https:\/\/api.w.org\/{rel}","templated":true}]}}