{"id":338425,"date":"2024-10-11T00:10:44","date_gmt":"2024-10-11T03:10:44","guid":{"rendered":"https:\/\/www.notibras.com\/site\/?p=338425"},"modified":"2024-10-11T08:13:12","modified_gmt":"2024-10-11T11:13:12","slug":"atividades-infantis-shows-e-competicoes-animam-final-de-semana","status":"publish","type":"post","link":"https:\/\/www.notibras.com\/site\/atividades-infantis-shows-e-competicoes-animam-final-de-semana\/","title":{"rendered":"Atividades infantis, shows e competi\u00e7\u00f5es animam final de semana"},"content":{"rendered":"<p>Lazer e divers\u00e3o garantidos para os pequenos brasilienses neste final de semana. O Dia das Crian\u00e7as, celebrado neste s\u00e1bado (12), ser\u00e1 comemorado com atividades l\u00fadicas e gratuitas em diversos eventos espalhados pelo Quadradinho. Al\u00e9m disso, outras atra\u00e7\u00f5es animam a agenda cultural, apoiadas pelo Governo do Distrito Federal (GDF) por meio das secretarias de Esporte e Lazer (SEL-DF), Cultura e Economia Criativa (Secec-DF) e Turismo (Setur-DF).<\/p>\n<p><strong>Para a crian\u00e7ada<\/strong><br \/>\nNo s\u00e1bado, a partir das 9h, o Planet\u00e1rio de Bras\u00edlia oferecer\u00e1 oficinas pedag\u00f3gicas sobre o universo e seus astros para a garotada, como o projeto Astronomia sobre Rodas, uma experi\u00eancia imersiva pelas gal\u00e1xias, planetas e estrelas. A programa\u00e7\u00e3o inclui, ainda, exposi\u00e7\u00e3o de equipamentos antigos, atividades para colorir, demonstra\u00e7\u00e3o com impressoras 3D, brinquedos infl\u00e1veis, pula-pula e pintura de rosto, al\u00e9m de coleta de lixo eletr\u00f4nico.<\/p>\n<p>J\u00e1 no Zool\u00f3gico de Bras\u00edlia, a divers\u00e3o come\u00e7a \u00e0s 8h30 e segue at\u00e9 as 17h deste s\u00e1bado. Os pequenos poder\u00e3o aprender sobre educa\u00e7\u00e3o ambiental e aproveitar apresenta\u00e7\u00f5es teatrais, brinquedos infl\u00e1veis, pintura de rosto e visita guiada. A bilheteria do espa\u00e7o fecha \u00e0s 16h. Os ingressos custam R$ 10, a inteira, e R$ 5, a meia.<\/p>\n<p>O estacionamento da Feira Permanente de Sobradinho II ser\u00e1 palco de lazer e divers\u00e3o neste final de semana. O Bangol\u00ea Festivalzinho estar\u00e1 no local nesta sexta, a partir das 14h, e no s\u00e1bado, das 10h \u00e0s 17h, com atra\u00e7\u00f5es circenses e recreativas, como pintura de rosto e brinquedos infl\u00e1veis.<\/p>\n<p>A Feira Liter\u00e1ria da Biblioteca Comunit\u00e1ria do Bosque, em S\u00e3o Sebasti\u00e3o, tamb\u00e9m foi pensada para a meninada. No s\u00e1bado, o evento ser\u00e1 das 15h \u00e0s 18h e no domingo, das 9h \u00e0s 12h30. Haver\u00e1 atividades que incentivam a imagina\u00e7\u00e3o e criatividade, assim como lan\u00e7amentos de livros, conta\u00e7\u00e3o de hist\u00f3rias, apresenta\u00e7\u00f5es de teatro e m\u00fasica, pintura de rosto e brinquedos infl\u00e1veis. O espa\u00e7o fica no Residencial do Bosque, na Quadra 18 da Avenida 2.<\/p>\n<p>Fortalecer o v\u00ednculo da primeira inf\u00e2ncia com as culturas populares \u00e9 o principal objetivo do Festival Casa de Fita, criado pelo grupo cultural Fu\u00e1 do Seu Estrelo. A programa\u00e7\u00e3o gratuita ocorre entre sexta e domingo, no Jardim Bot\u00e2nico de Bras\u00edlia e no Centro Tradicional de Inven\u00e7\u00e3o Cultural, na 813 Sul. J\u00e1 o Parano\u00e1 e S\u00e3o Sebasti\u00e3o recebem o festival nos dias 17 e 18 deste m\u00eas. Mais informa\u00e7\u00f5es podem ser conferidas no Instagram do evento.<\/p>\n<p>O Festival Casa de Fita visa fortalecer o v\u00ednculo da primeira inf\u00e2ncia com as culturas populares; a atra\u00e7\u00e3o estar\u00e1 no Jardim Bot\u00e2nico de Bras\u00edlia e no Centro Tradicional de Inven\u00e7\u00e3o Cultural | Foto: Webert da Cruz<\/p>\n<p><strong>Passeio educativo<\/strong><br \/>\nQue tal incluir uma visita guiada aos espa\u00e7os culturais da Pra\u00e7a dos Tr\u00eas Poderes na agenda deste final de semana? O projeto Percaminho \u2013 Cidade Visitada leva os cidad\u00e3os em um passeio pelos principais s\u00edmbolos e monumentos da democracia e hist\u00f3ria brasileira, com informa\u00e7\u00f5es e curiosidades que v\u00e3o al\u00e9m do discurso oficial. A atividade \u00e9 gratuita e ocorre de ter\u00e7a a sexta, \u00e0s 9h e \u00e0s 17h30, e s\u00e1bado e domingo, \u00e0s 10h e \u00e0s 17h, at\u00e9 o dia 22 deste m\u00eas. N\u00e3o \u00e9 preciso agendamento.<\/p>\n<p><strong>Esporte<\/strong><br \/>\nJ\u00e1 imaginou mergulhar de uma altura de um pr\u00e9dio de oito andares? A Copa do Mundo e o Mundial J\u00fanior de High Diving mostram que essa fa\u00e7anha \u00e9 poss\u00edvel. O evento internacional in\u00e9dito no Brasil ser\u00e1 realizado na Ponte JK, a partir desta sexta-feira. Mais de 80 atletas de 19 pa\u00edses participar\u00e3o das competi\u00e7\u00f5es, que ocorrem de manh\u00e3 e \u00e0 tarde, tendo o o Lago Parano\u00e1 como cen\u00e1rio. A delega\u00e7\u00e3o brasileira conta com sete competidores, dos quais tr\u00eas s\u00e3o brasilienses.<\/p>\n<p>Nas competi\u00e7\u00f5es adultas, os atletas saltam de 27 metros na prova masculina e de 20 metros na feminina. J\u00e1 no Mundial J\u00fanior, os saltos s\u00e3o de 15 metros para jovens de 17 a 19 anos e 12 metros para competidores de at\u00e9 16 anos. Haver\u00e1 ainda atividades para crian\u00e7as, pra\u00e7a de alimenta\u00e7\u00e3o e shows do grupo Di Prop\u00f3sito, no s\u00e1bado, e do DJ Bhaskar, no domingo. A entrada \u00e9 gratuita, mediante doa\u00e7\u00e3o de 1 kg de alimento n\u00e3o perec\u00edvel.<\/p>\n<p>A maior competi\u00e7\u00e3o de capoeira em alta performance do mundo ocorre em Bras\u00edlia at\u00e9 ter\u00e7a-feira (15). O evento VMB8 100K chega ao Arena Hall com uma s\u00e9rie de competi\u00e7\u00f5es entre os melhores capoeiristas do Brasil e de outros pa\u00edses, al\u00e9m de palestras sobre sa\u00fade e esporte. A entrada \u00e9 gratuita mediante retirada dos ingressos no Sympla.<\/p>\n<p><strong>Cinema<\/strong><br \/>\nA Mostra de Cinema 100 anos de Fernando Sabino oferece aos telespectadores um mergulho na vida e na contribui\u00e7\u00e3o do escritor mineiro para a cultura brasileira at\u00e9 a pr\u00f3xima quarta-feira (16). A programa\u00e7\u00e3o gratuita inclui exibi\u00e7\u00e3o de document\u00e1rios dirigidos por Sabino, al\u00e9m de longas e curtas-metragens inspirados em suas obras e atividades educativas sobre as cr\u00f4nicas escritas por ele.<\/p>\n<p>As atividades ser\u00e3o realizadas no Cine Bras\u00edlia e no Sesc Taguatinga Norte, at\u00e9 quarta-feira (16), e no Sesc Ceil\u00e2ndia, at\u00e9 domingo. Os bate-papos antes de cada filme ser\u00e3o conduzidos por artistas, cineastas e educadores locais, como o rapper GOG, a escritora Dinor\u00e1 Couto Can\u00e7ado, o ator Simili\u00e3o Aur\u00e9lio, a cineasta Cibele Amaral, a drag queen La Rubia e a produtora cultural Bia Cruz. Os hor\u00e1rios podem ser verificados neste site.<\/p>\n<p><strong>Cultura brasileira<\/strong><br \/>\nNeste domingo, a partir das 15h, o grupo Pitoco de Bambu realiza a primeira edi\u00e7\u00e3o do show O Canto do Cabur\u00e9, um Festejo de Pife, na Casa do Cantador, em Ceil\u00e2ndia. Tamb\u00e9m chamado de p\u00edfano, o pife \u00e9 uma flauta tradicional do Nordeste do Brasil, feita geralmente de bambu ou madeira. Para abrir a festa, ser\u00e1 realizada a roda de prosa Do Sert\u00e3o \u00e0 Cidade: o Pife como Identidade Musical Brasiliense. \u00c0s 17h, o Bloco de Pife Pitoco de Bambu aquece a programa\u00e7\u00e3o musical com um cortejo de dan\u00e7as e brincadeiras tradicionais. A noite segue com apresenta\u00e7\u00e3o do Mestre Z\u00e9 do Pife e shows da banda Pitoco de Bambu e do grupo Ventoinha de Canudo.<\/p>\n<p><strong>Shows gratuitos<\/strong><br \/>\nO anivers\u00e1rio de 35 anos de Samambaia ser\u00e1 comemorado em grande estilo at\u00e9 domingo, no estacionamento do Est\u00e1dio Roriz\u00e3o. O evento ter\u00e1 pra\u00e7a de alimenta\u00e7\u00e3o, feira de artesanatos, atra\u00e7\u00f5es infantis, al\u00e9m de show do cantor gospel Fernandinho e de artistas locais, como a cantora Lilian Durante e a banda Entre Quadras e Rock Beats. A entrada \u00e9 gratuita com retirada dos ingressos no site Sympla.<\/p>\n<p>Os 64 anos de hist\u00f3ria do Gama tamb\u00e9m ser\u00e3o celebrados neste final de semana, com shows dos cantores Grelo, L\u00e9o Magalh\u00e3es e da dupla Diego &amp; Victor Hugo. As apresenta\u00e7\u00f5es ocorrem no estacionamento do Est\u00e1dio Bezerr\u00e3o, at\u00e9 domingo, a partir das 20h.<\/p>\n<p><strong>Rap<\/strong><br \/>\nNeste s\u00e1bado, das 9h \u00e0s 13h, haver\u00e1 a segunda fase de seletivas do Brasil Super Battle, encontro de hip-hoppers que movimenta a Pra\u00e7a dos Direitos, em Ceil\u00e2ndia. Os selecionados v\u00e3o disputar pr\u00eamios em dinheiro e trof\u00e9us no domingo, das 10h \u00e0s 20h. O p\u00fablico poder\u00e1 apreciar as batalhas de rima e breaking, assim como a mostra de graffiti e shows da dupla Rivas e Ravel e do rapper Rapadura Xique-Chico.<\/p>\n","protected":false},"excerpt":{"rendered":"<p>Lazer e divers\u00e3o garantidos para os pequenos brasilienses neste final de semana. O Dia das Crian\u00e7as, celebrado neste s\u00e1bado (12), ser\u00e1 comemorado com atividades l\u00fadicas e gratuitas em diversos eventos espalhados pelo Quadradinho. Al\u00e9m disso, outras atra\u00e7\u00f5es animam a agenda cultural, apoiadas pelo Governo do Distrito Federal (GDF) por meio das secretarias de Esporte e [&hellip;]<\/p>\n","protected":false},"author":2,"featured_media":338426,"comment_status":"closed","ping_status":"closed","sticky":false,"template":"","format":"standard","meta":{"_acf_changed":false,"footnotes":""},"categories":[161],"tags":[],"class_list":["post-338425","post","type-post","status-publish","format-standard","has-post-thumbnail","hentry","category-quadradinho-em-foco"],"acf":[],"_links":{"self":[{"href":"https:\/\/www.notibras.com\/site\/wp-json\/wp\/v2\/posts\/338425","targetHints":{"allow":["GET"]}}],"collection":[{"href":"https:\/\/www.notibras.com\/site\/wp-json\/wp\/v2\/posts"}],"about":[{"href":"https:\/\/www.notibras.com\/site\/wp-json\/wp\/v2\/types\/post"}],"author":[{"embeddable":true,"href":"https:\/\/www.notibras.com\/site\/wp-json\/wp\/v2\/users\/2"}],"replies":[{"embeddable":true,"href":"https:\/\/www.notibras.com\/site\/wp-json\/wp\/v2\/comments?post=338425"}],"version-history":[{"count":1,"href":"https:\/\/www.notibras.com\/site\/wp-json\/wp\/v2\/posts\/338425\/revisions"}],"predecessor-version":[{"id":338427,"href":"https:\/\/www.notibras.com\/site\/wp-json\/wp\/v2\/posts\/338425\/revisions\/338427"}],"wp:featuredmedia":[{"embeddable":true,"href":"https:\/\/www.notibras.com\/site\/wp-json\/wp\/v2\/media\/338426"}],"wp:attachment":[{"href":"https:\/\/www.notibras.com\/site\/wp-json\/wp\/v2\/media?parent=338425"}],"wp:term":[{"taxonomy":"category","embeddable":true,"href":"https:\/\/www.notibras.com\/site\/wp-json\/wp\/v2\/categories?post=338425"},{"taxonomy":"post_tag","embeddable":true,"href":"https:\/\/www.notibras.com\/site\/wp-json\/wp\/v2\/tags?post=338425"}],"curies":[{"name":"wp","href":"https:\/\/api.w.org\/{rel}","templated":true}]}}