{"id":338431,"date":"2024-10-11T00:00:50","date_gmt":"2024-10-11T03:00:50","guid":{"rendered":"https:\/\/www.notibras.com\/site\/?p=338431"},"modified":"2024-10-11T08:24:39","modified_gmt":"2024-10-11T11:24:39","slug":"estudantes-da-rede-publica-celebram-100-anos-de-fernando-sabino","status":"publish","type":"post","link":"https:\/\/www.notibras.com\/site\/estudantes-da-rede-publica-celebram-100-anos-de-fernando-sabino\/","title":{"rendered":"Estudantes da rede p\u00fablica celebram 100 anos de Fernando Sabino"},"content":{"rendered":"<p>A Secretaria de Educa\u00e7\u00e3o celebra o centen\u00e1rio de nascimento de um dos mais importantes autores nacionais com visitas dos alunos da rede p\u00fablica de ensino do DF \u00e0 Mostra de Cinema 100 anos de Fernando Sabino. Nesta quinta (10), ocorreu a abertura oficial da mostra, realizada no Cine Bras\u00edlia. At\u00e9 a pr\u00f3xima quarta (16), o Sesc de Ceil\u00e2ndia e de Taguatinga Norte tamb\u00e9m exibir\u00e3o longas e curtas-metragens inspirados na obra do autor.<\/p>\n<p>A previs\u00e3o \u00e9 que centenas de alunos participem do evento durante os tr\u00eas dias de mostra, que contam com tr\u00eas sess\u00f5es por dia. O Cine Bras\u00edlia disp\u00f5e de 600 lugares para cada sess\u00e3o, enquanto o Sesc de Ceil\u00e2ndia tem 450 lugares e o Sesc de Taguatinga Norte possui 200 lugares. O evento \u00e9 gratuito e tamb\u00e9m est\u00e1 aberto para o p\u00fablico geral.<\/p>\n<p>A secret\u00e1ria de Educa\u00e7\u00e3o do Distrito Federal, H\u00e9lvia Paranagu\u00e1, esteve presente na abertura do evento, ao lado de Bernardo Sabino, filho de Fernando Sabino, e do diretor da TV e R\u00e1dio Legislativa, da C\u00e2mara Legislativa do DF, Saulo Santos Diniz, que tamb\u00e9m \u00e9 sobrinho do escritor.<\/p>\n<p>\u201cQuem quiser crescer e se tornar um profissional de excel\u00eancia tem que ler. A leitura \u00e9 importante. Nunca parem de ler. Entrem na obra de Fernando Sabino, grande escritor brasileiro, que levou muita leveza \u00e0 literatura brasileira contempor\u00e2nea\u201d, incentivou a secret\u00e1ria.<\/p>\n<p><strong>Cinema e literatura<\/strong><br \/>\nIdealizadora do projeto, a curadora e produtora cultural Cl\u00e1udia Queir\u00f3z comentou a relev\u00e2ncia da mostra: \u201cA obra de Sabino tem import\u00e2ncia tamb\u00e9m para o cinema, pela capacidade de se transformar em narrativas envolventes e de grande apelo popular\u201d.<\/p>\n<p>A celebra\u00e7\u00e3o do centen\u00e1rio foi oficialmente reconhecida pelo presidente do Brasil, Luiz In\u00e1cio Lula da Silva, que sancionou a Lei n\u00ba 14.794 que institui o ano de 2024 como o Ano Nacional Fernando Sabino. A deputada federal Bia Kicis, autora do projeto de lei, tamb\u00e9m prestigiou a abertura da mostra.<\/p>\n<p>\u201cA secret\u00e1ria H\u00e9lvia sempre apoia essas iniciativas e quer fazer o melhor para os estudantes do DF, e Fernando Sabino \u00e9 um dos maiores cronistas do nosso pa\u00eds\u201d, disse a deputada. \u201cEle escrevia muito, n\u00e3o s\u00f3 para adultos, mas para jovens e crian\u00e7as\u201d, completou a parlamentar.<\/p>\n<p><strong>Aprender com arte<\/strong><br \/>\nA professora de l\u00edngua portuguesa e literatura do centro educacional (CED) 04 de Taguatinga, Beatriz Soares, comentou sobre o evento. \u201cEsse projeto apareceu como o casamento perfeito da disciplina que estou ofertando, que se chama A Vida \u00e9 uma arte sem fim, e trabalha com conto, cr\u00f4nica e poesia. Trabalhei exatamente com o Fernando Sabino, com a apresenta\u00e7\u00e3o de curtas-metragens\u201d, celebrou.<\/p>\n<p>Para ela, a mostra foi tamb\u00e9m a oportunidade de os estudantes conhecerem o Cine Bras\u00edlia, a maior sala de cinema da cidade. \u201c\u00c9 uma oportunidade para eles terem esse contato com a literatura, que \u00e9 uma abertura para novos mundos. O aluno que l\u00ea tem uma performance muito melhor, sabe argumentar e consegue estabelecer di\u00e1logo com as pessoas\u201d, comentou a professora.<\/p>\n<p>A aluna Rafaella Alves, 16 anos, gostou do projeto, e disse que \u00e9 uma \u00e1vida consumidora de livros. \u201cFui introduzida \u00e0 literatura desde pequena, principalmente pela minha m\u00e3e, que \u00e9 jornalista. \u00c9 muito importante a literatura, ainda mais no ensino m\u00e9dio. Ela ajuda a aumentar o nosso conhecimento, pois amplia a vis\u00e3o de mundo\u201d, comentou.<\/p>\n<p><strong>Programa\u00e7\u00e3o<\/strong><br \/>\nNa abertura, foram apresentados os filmes Dona Cust\u00f3dia, de 2010, e Veredas De Minas \u2013 Jo\u00e3o Guimar\u00e3es Rosa, produzido pelo pr\u00f3prio Fernando Sabino, em 1975. O document\u00e1rio conta com depoimentos sobre o criador de Grande Sert\u00e3o \u2013 Veredas que falam sobre o romancista e o sert\u00e3o, de onde recolheu o material para sua obra prima.<\/p>\n<p>A programa\u00e7\u00e3o inclui ainda uma s\u00e9rie de document\u00e1rios em curta-metragem dirigidos pelo pr\u00f3prio Sabino, em parceria com o cineasta David Neves, que mergulham no cotidiano de grandes escritores brasileiros como M\u00e1rio de Andrade, Jorge Amado, Vinicius de Moraes, Clarice Lispector e Carlos Drummond de Andrade.<\/p>\n<p>Para al\u00e9m do audiovisual, a mostra promove atividades educativas que t\u00eam como foco a leitura das cr\u00f4nicas levadas \u00e0s telas, feitas antes da sess\u00e3o do curta correspondente, por artistas, cineastas e educadores da cidade.<\/p>\n","protected":false},"excerpt":{"rendered":"<p>A Secretaria de Educa\u00e7\u00e3o celebra o centen\u00e1rio de nascimento de um dos mais importantes autores nacionais com visitas dos alunos da rede p\u00fablica de ensino do DF \u00e0 Mostra de Cinema 100 anos de Fernando Sabino. Nesta quinta (10), ocorreu a abertura oficial da mostra, realizada no Cine Bras\u00edlia. At\u00e9 a pr\u00f3xima quarta (16), o [&hellip;]<\/p>\n","protected":false},"author":2,"featured_media":338432,"comment_status":"closed","ping_status":"closed","sticky":false,"template":"","format":"standard","meta":{"_acf_changed":false,"footnotes":""},"categories":[161],"tags":[],"class_list":["post-338431","post","type-post","status-publish","format-standard","has-post-thumbnail","hentry","category-quadradinho-em-foco"],"acf":[],"_links":{"self":[{"href":"https:\/\/www.notibras.com\/site\/wp-json\/wp\/v2\/posts\/338431","targetHints":{"allow":["GET"]}}],"collection":[{"href":"https:\/\/www.notibras.com\/site\/wp-json\/wp\/v2\/posts"}],"about":[{"href":"https:\/\/www.notibras.com\/site\/wp-json\/wp\/v2\/types\/post"}],"author":[{"embeddable":true,"href":"https:\/\/www.notibras.com\/site\/wp-json\/wp\/v2\/users\/2"}],"replies":[{"embeddable":true,"href":"https:\/\/www.notibras.com\/site\/wp-json\/wp\/v2\/comments?post=338431"}],"version-history":[{"count":1,"href":"https:\/\/www.notibras.com\/site\/wp-json\/wp\/v2\/posts\/338431\/revisions"}],"predecessor-version":[{"id":338433,"href":"https:\/\/www.notibras.com\/site\/wp-json\/wp\/v2\/posts\/338431\/revisions\/338433"}],"wp:featuredmedia":[{"embeddable":true,"href":"https:\/\/www.notibras.com\/site\/wp-json\/wp\/v2\/media\/338432"}],"wp:attachment":[{"href":"https:\/\/www.notibras.com\/site\/wp-json\/wp\/v2\/media?parent=338431"}],"wp:term":[{"taxonomy":"category","embeddable":true,"href":"https:\/\/www.notibras.com\/site\/wp-json\/wp\/v2\/categories?post=338431"},{"taxonomy":"post_tag","embeddable":true,"href":"https:\/\/www.notibras.com\/site\/wp-json\/wp\/v2\/tags?post=338431"}],"curies":[{"name":"wp","href":"https:\/\/api.w.org\/{rel}","templated":true}]}}