{"id":338434,"date":"2024-10-11T00:00:22","date_gmt":"2024-10-11T03:00:22","guid":{"rendered":"https:\/\/www.notibras.com\/site\/?p=338434"},"modified":"2024-10-11T08:33:12","modified_gmt":"2024-10-11T11:33:12","slug":"gdf-doa-terreno-a-uniao-para-construcao-de-templo-religioso","status":"publish","type":"post","link":"https:\/\/www.notibras.com\/site\/gdf-doa-terreno-a-uniao-para-construcao-de-templo-religioso\/","title":{"rendered":"GDF doa terreno \u00e0 Uni\u00e3o para constru\u00e7\u00e3o de templo religioso"},"content":{"rendered":"<p>O Governo do Distrito Federal (GDF) e a Uni\u00e3o assinaram nesta quinta-feira (10) a doa\u00e7\u00e3o de um terreno no Noroeste destinado \u00e0 constru\u00e7\u00e3o de um templo cat\u00f3lico a ser administrado pelo Ordinariado Militar do Brasil. O lote est\u00e1 localizado no Com\u00e9rcio Regional do Noroeste (CRNW 706), ao lado do N\u00facleo da F\u00e9.<\/p>\n<p>A iniciativa \u00e9 fruto da parceria entre o GDF, por meio da Ag\u00eancia de Desenvolvimento (Terracap), e a Uni\u00e3o, por meio do Minist\u00e9rio da Defesa e da Superintend\u00eancia do Patrim\u00f4nio da Uni\u00e3o no DF. A Terracap, na condi\u00e7\u00e3o de doadora, transferiu os terrenos \u00e0 Uni\u00e3o, que, por sua vez, repassou os lotes ao Minist\u00e9rio da Defesa.<\/p>\n<p>Em maio de 2023, a doa\u00e7\u00e3o do terreno foi registrada no Di\u00e1rio Oficial da Uni\u00e3o (DOU), e agora o ato foi oficializado em cerim\u00f4nia no Noroeste. A doa\u00e7\u00e3o envolve um terreno de aproximadamente 3.800 m\u00b2, anteriormente dividido em dois lotes de 1.930,81 m\u00b2 cada. O valor estimado dos im\u00f3veis \u00e9 de R$ 16,5 milh\u00f5es.<\/p>\n<p><strong>Espa\u00e7os para a f\u00e9<\/strong><br \/>\nDurante a cerim\u00f4nia, o governador Ibaneis Rocha destacou a import\u00e2ncia de todos os bairros terem seus espa\u00e7os destinados \u00e0 f\u00e9: \u201cAlgo que existia aqui em Bras\u00edlia e n\u00e3o existe mais \u00e9 que se criavam os bairros e esqueciam das igrejas, e ningu\u00e9m pode andar sem a presen\u00e7a de Deus, sem a presen\u00e7a do Senhor. N\u00f3s corrigimos isso com uma lei para conseguir todos os terrenos para que as igrejas se assentem\u201d.<\/p>\n<p>O chefe do Executivo falou tamb\u00e9m sobre o trabalho das religi\u00f5es e como elas complementam a atua\u00e7\u00e3o do governo junto \u00e0 popula\u00e7\u00e3o, al\u00e9m de citar o gesto de regularizar todos esses espa\u00e7os.<\/p>\n<p>\u201cEra um problema que n\u00f3s t\u00ednhamos aqui \u2013 em sua maioria, os templos religiosos foram erguidos em terrenos irregulares\u201d, lembrou o governador. \u201cNo passado, derrubavam-se as igrejas quando estavam em situa\u00e7\u00e3o irregular. N\u00f3s criamos um programa dentro da Terracap de regulariza\u00e7\u00e3o das igrejas no Distrito Federal. J\u00e1 temos mais de 600 templos regularizados, e o nosso projeto \u00e9 entregar todos eles regularizados. A religi\u00e3o \u00e9 o longa manus [capacidade de um Estado exercer seu poder ou influ\u00eancia al\u00e9m de suas fronteiras] do governo. Ela chega aonde o governo n\u00e3o consegue chegar e est\u00e1 junto \u00e0s comunidades.\u201d<\/p>\n<p><strong>Pedido da comunidade<\/strong><br \/>\nO projeto para a constru\u00e7\u00e3o do templo foi planejado para atender \u00e0s necessidades da comunidade cat\u00f3lica local, e a obra ser\u00e1 conduzida sob a jurisdi\u00e7\u00e3o do Ordinariado Militar do Brasil.<\/p>\n<p>Na avalia\u00e7\u00e3o do ministro da Defesa, Jos\u00e9 M\u00facio Monteiro Filho, a assinatura \u00e9 um passo para concretiza\u00e7\u00e3o de um pedido antigo da comunidade e que vem em boa hora. \u201c\u00c9 uma luta t\u00e3o grande que foi muita f\u00e9, muito trabalho, muita gente envolvida\u201d, ressaltou. \u201cPosso at\u00e9 assegurar que todo mundo trabalhou a favor. Valeu a pena. N\u00f3s estamos atendendo as pessoas e vamos plantar aqui uma semente de f\u00e9\u201d.<\/p>\n<p>A demanda, antiga, foi refor\u00e7ada pelo arcebispo do Ordinariado Militar do Brasil, dom Marcony Vin\u00edcius Ferreira. Ele explicou que a comunidade aguardava havia muitos anos um espa\u00e7o f\u00edsico consolidado dedicado \u00e0 f\u00e9, atividades atualmente praticadas nos blocos residenciais do Noroeste, entre os pilotis.<\/p>\n<p>\u201cH\u00e1 dez anos esta comunidade luta para ter um ambiente onde se possa louvar a Deus, adorar nosso Senhor Jesus Cristo, celebrar os sacramentos e igualmente dar assist\u00eancia religiosa para todos os fi\u00e9is\u201d, declarou o arcebispo. \u201cN\u00f3s conseguimos, atrav\u00e9s do Minist\u00e9rio da Defesa, a cess\u00e3o deste terreno para aqui construirmos uma igreja dedicada ao nosso padroeiro, que \u00e9 Santo Ant\u00f4nio.\u201d<\/p>\n<p>Superintendente do Patrim\u00f4nio da Uni\u00e3o no DF, Roberto Policarpo refor\u00e7ou: \u201cN\u00f3s, a partir do relacionamento com o Minist\u00e9rio da Defesa, GDF e tamb\u00e9m com a Igreja S\u00e3o Francisco de Assis, fomos relatando o assunto na SPU [Secretaria do Patrim\u00f4nio da Uni\u00e3o] para chegar ao dia de hoje com essa entrega. O Noroeste precisa tamb\u00e9m ter uma igreja onde as pessoas possam se congregar\u201d.<\/p>\n<p>Morador do Noroeste, o militar Carlos Bornhausen comemorou: \u201cGra\u00e7as a Deus o GDF nos apoiou, com a Terracap nos doando um terreno. Teve todo esse tr\u00e2mite burocr\u00e1tico passando pela SPU e indo para o Minist\u00e9rio da Defesa, que vai ficar a cargo do Ordinariado Militar. Chegou esse momento, e por isso essa comemora\u00e7\u00e3o\u201d.<\/p>\n<p><strong>Convite ao papa Francisco<\/strong><br \/>\nO governador Ibaneis Rocha refor\u00e7ou o convite ao papa Francisco para participar das comemora\u00e7\u00f5es do anivers\u00e1rio de Bras\u00edlia, em 2025.<\/p>\n<p>\u201cUm pedido nosso, juntamente com o dom Paulo e com o presidente Lula, \u00e9 para que ano que vem, na comemora\u00e7\u00e3o dos 65 anos de Bras\u00edlia, que a gente possa ter a presen\u00e7a do papa\u201d, destacou Ibaneis. \u201cEsse convite foi encaminhado pelo dom Paulo agora nessa visita que ele est\u00e1 fazendo a Roma. E, se o Santo Padre tiver condi\u00e7\u00f5es f\u00edsicas, eu tenho muita convic\u00e7\u00e3o de que ele vai aceitar esse pedido e vai estar na nossa capital da Rep\u00fablica ano que vem.\u201d<\/p>\n","protected":false},"excerpt":{"rendered":"<p>O Governo do Distrito Federal (GDF) e a Uni\u00e3o assinaram nesta quinta-feira (10) a doa\u00e7\u00e3o de um terreno no Noroeste destinado \u00e0 constru\u00e7\u00e3o de um templo cat\u00f3lico a ser administrado pelo Ordinariado Militar do Brasil. O lote est\u00e1 localizado no Com\u00e9rcio Regional do Noroeste (CRNW 706), ao lado do N\u00facleo da F\u00e9. A iniciativa \u00e9 [&hellip;]<\/p>\n","protected":false},"author":2,"featured_media":338435,"comment_status":"closed","ping_status":"closed","sticky":false,"template":"","format":"standard","meta":{"_acf_changed":false,"footnotes":""},"categories":[161],"tags":[],"class_list":["post-338434","post","type-post","status-publish","format-standard","has-post-thumbnail","hentry","category-quadradinho-em-foco"],"acf":[],"_links":{"self":[{"href":"https:\/\/www.notibras.com\/site\/wp-json\/wp\/v2\/posts\/338434","targetHints":{"allow":["GET"]}}],"collection":[{"href":"https:\/\/www.notibras.com\/site\/wp-json\/wp\/v2\/posts"}],"about":[{"href":"https:\/\/www.notibras.com\/site\/wp-json\/wp\/v2\/types\/post"}],"author":[{"embeddable":true,"href":"https:\/\/www.notibras.com\/site\/wp-json\/wp\/v2\/users\/2"}],"replies":[{"embeddable":true,"href":"https:\/\/www.notibras.com\/site\/wp-json\/wp\/v2\/comments?post=338434"}],"version-history":[{"count":1,"href":"https:\/\/www.notibras.com\/site\/wp-json\/wp\/v2\/posts\/338434\/revisions"}],"predecessor-version":[{"id":338436,"href":"https:\/\/www.notibras.com\/site\/wp-json\/wp\/v2\/posts\/338434\/revisions\/338436"}],"wp:featuredmedia":[{"embeddable":true,"href":"https:\/\/www.notibras.com\/site\/wp-json\/wp\/v2\/media\/338435"}],"wp:attachment":[{"href":"https:\/\/www.notibras.com\/site\/wp-json\/wp\/v2\/media?parent=338434"}],"wp:term":[{"taxonomy":"category","embeddable":true,"href":"https:\/\/www.notibras.com\/site\/wp-json\/wp\/v2\/categories?post=338434"},{"taxonomy":"post_tag","embeddable":true,"href":"https:\/\/www.notibras.com\/site\/wp-json\/wp\/v2\/tags?post=338434"}],"curies":[{"name":"wp","href":"https:\/\/api.w.org\/{rel}","templated":true}]}}