{"id":33846,"date":"2015-01-12T20:19:55","date_gmt":"2015-01-12T23:19:55","guid":{"rendered":"http:\/\/www.notibras.com\/site\/?p=33846"},"modified":"2015-01-13T06:30:55","modified_gmt":"2015-01-13T09:30:55","slug":"suplicy-ex-de-marta-sugere-que-senadora-ajude-a-limpar-o-pt","status":"publish","type":"post","link":"https:\/\/www.notibras.com\/site\/suplicy-ex-de-marta-sugere-que-senadora-ajude-a-limpar-o-pt\/","title":{"rendered":"Suplicy, ex de Marta, sugere que senadora ajude a limpar o PT"},"content":{"rendered":"<p class=\"text\">Em fim de mandato, o\u00a0 senador Eduardo Suplicy (PT-SP) sugeriu nesta segunda-feira 12 que a senadora Marta Suplicy, tamb\u00e9m petista por S\u00e3o Paulo, ajude a corrigir os erros da legenda fundada por Lula, colaborabdo para que erros n\u00e3o se repitam. Os dois foram casados por 37 anos.<\/p>\n<p class=\"text\">Marta, ex-ministra da Cultura de Dilma, disse em entrevista ao jornal O Estado de S.Paulo, que o PT muda agora ou acaba para sempre.<\/p>\n<p class=\"text\">Por sua vez, em entrevista ao Terra, Suplicy afirmou que como fundador do PT, se prontificou a colaborar.<\/p>\n<p class=\"text\">&#8211; \u00c9 fato que h\u00e1 in\u00fameros problemas de desmandos e irregularidades em certas \u00e1reas administrativas do governo que s\u00e3o responsabilidade do partido e que precisam ser corrigidas. Eu tenho sempre procurado tomar medidas para prevenir e corrigir esses erros, afirmou.<\/p>\n<p class=\"text\">&#8220;A Marta foi eleita senadora pelo PT e tem condi\u00e7\u00e3o de dar uma contribui\u00e7\u00e3o formid\u00e1vel ao partido. Ainda mais agora que eu vou sair, poder\u00e1 fazer\u00a0um importante trabalho&#8221;, afirmou Suplicy. &#8220;\u00c9\u00a0uma das pessoas mais consideradas dentro do PT. Eu sou testemunha de quantas vezes ela foi muito bem considerada no partido, candidata a deputada federal, candidata a prefeita, candidata ao governo de S\u00e3o Paulo, ao Senado, convidada a ser ministra do presidente Lula e ministra da presidenta\u00a0Dilma\u201d, continuou.<\/p>\n<p class=\"text\">Na entrevista, Marta disse que, cada vez que abre um jornal, fica mais \u201cestarrecida com os desmandos\u201d. A senadora ainda definiu a pol\u00edtica econ\u00f4mica de Dilma como \u201cfracasso\u201d e afirmou que o ex-presidente Luiz In\u00e1cio Lula da Silva tamb\u00e9m teria criticado a presidente, de quem estaria mais distante do que nunca.<\/p>\n<blockquote>\n<p class=\"text\">Embora as declara\u00e7\u00f5es de Marta sinalizem sua sa\u00edda do PT, Suplicy afirma que o epis\u00f3dio deve provocar \u201creflex\u00e3o\u201d dentro do partido e diz que acreditar em outro desfecho. \u201cS\u00e3o epis\u00f3dios super\u00e1veis e que podem ser objeto de reflex\u00e3o. Acho importante que membros da dire\u00e7\u00e3o e o pr\u00f3prio presidente Lula, a presidenta Dilma, o (presidente do partido) Rui Falc\u00e3o e at\u00e9 mesmo o ministro Aloizio Mercadante atuem nesse sentido\u201d, afirmou o senador. Ao jornal, Marta tamb\u00e9m disse que Falc\u00e3o \u201ctraiu o projeto do PT\u201d e classificou o ministro chefe da Casa Civil, Aloizio Mercadante, como \u201cinimigo\u201d de Lula.<\/p>\n<\/blockquote>\n<p class=\"text\">A entrevista de Marta tamb\u00e9m foi marcada por sua preocupa\u00e7\u00e3o com os interesses do grande empresariado e pelo elogio que fez \u00e0 nova equipe econ\u00f4mica do governo, encabe\u00e7ada pelos ministros Joaquim Levy (Fazenda) e Nelson Barbosa (Palnejamento), que definiu como \u201cexperiente\u201d e \u201cqualificada\u201d. \u00a0Para Suplicy, Marta entendeu \u201co sentimento de preocupa\u00e7\u00e3o com a pol\u00edtica econ\u00f4mica de muitos setores empresariais com os quais ela dialoga\u201d, o que n\u00e3o significa necessariamente uma guinada \u00e0 direita.<\/p>\n<p class=\"text\">\u201cEla sabe qu\u00e3o importante \u00e9 para o PT a realiza\u00e7\u00e3o de pol\u00edticas que deem grande aten\u00e7\u00e3o \u00e0 popula\u00e7\u00e3o mais carente. Isso ficou muito claro quando ela instituiu os CEUs e o Bilhete \u00danico em S\u00e3o Paulo\u201d, encerrou o senador.<\/p>\n","protected":false},"excerpt":{"rendered":"<p>Em fim de mandato, o\u00a0 senador Eduardo Suplicy (PT-SP) sugeriu nesta segunda-feira 12 que a senadora Marta Suplicy, tamb\u00e9m petista por S\u00e3o Paulo, ajude a corrigir os erros da legenda fundada por Lula, colaborabdo para que erros n\u00e3o se repitam. Os dois foram casados por 37 anos. Marta, ex-ministra da Cultura de Dilma, disse em [&hellip;]<\/p>\n","protected":false},"author":2,"featured_media":33847,"comment_status":"open","ping_status":"closed","sticky":false,"template":"","format":"standard","meta":{"_acf_changed":false,"footnotes":""},"categories":[16],"tags":[],"class_list":["post-33846","post","type-post","status-publish","format-standard","has-post-thumbnail","hentry","category-brasil"],"acf":[],"yoast_head":"<!-- This site is optimized with the Yoast SEO plugin v27.2 - https:\/\/yoast.com\/product\/yoast-seo-wordpress\/ -->\n<title>Suplicy, ex de Marta, sugere que senadora ajude a limpar o PT - Notibras<\/title>\n<meta name=\"robots\" content=\"index, follow, max-snippet:-1, max-image-preview:large, max-video-preview:-1\" \/>\n<link rel=\"canonical\" href=\"https:\/\/www.notibras.com\/site\/suplicy-ex-de-marta-sugere-que-senadora-ajude-a-limpar-o-pt\/\" \/>\n<meta property=\"og:locale\" content=\"pt_BR\" \/>\n<meta property=\"og:type\" content=\"article\" \/>\n<meta property=\"og:title\" content=\"Suplicy, ex de Marta, sugere que senadora ajude a limpar o PT - Notibras\" \/>\n<meta property=\"og:description\" content=\"Em fim de mandato, o\u00a0 senador Eduardo Suplicy (PT-SP) sugeriu nesta segunda-feira 12 que a senadora Marta Suplicy, tamb\u00e9m petista por S\u00e3o Paulo, ajude a corrigir os erros da legenda fundada por Lula, colaborabdo para que erros n\u00e3o se repitam. Os dois foram casados por 37 anos. Marta, ex-ministra da Cultura de Dilma, disse em [&hellip;]\" \/>\n<meta property=\"og:url\" content=\"https:\/\/www.notibras.com\/site\/suplicy-ex-de-marta-sugere-que-senadora-ajude-a-limpar-o-pt\/\" \/>\n<meta property=\"og:site_name\" content=\"Notibras\" \/>\n<meta property=\"article:publisher\" content=\"https:\/\/www.facebook.com\/notibras\/\" \/>\n<meta property=\"article:published_time\" content=\"2015-01-12T23:19:55+00:00\" \/>\n<meta property=\"article:modified_time\" content=\"2015-01-13T09:30:55+00:00\" \/>\n<meta property=\"og:image\" content=\"https:\/\/www.notibras.com\/site\/wp-content\/uploads\/2015\/01\/suplicy-votando-entrevista-em-sp-peter-leone-futura.jpg\" \/>\n\t<meta property=\"og:image:width\" content=\"460\" \/>\n\t<meta property=\"og:image:height\" content=\"340\" \/>\n\t<meta property=\"og:image:type\" content=\"image\/jpeg\" \/>\n<meta name=\"author\" content=\"Reda\u00e7\u00e3o\" \/>\n<meta name=\"twitter:card\" content=\"summary_large_image\" \/>\n<meta name=\"twitter:creator\" content=\"@Notibras\" \/>\n<meta name=\"twitter:site\" content=\"@Notibras\" \/>\n<meta name=\"twitter:label1\" content=\"Escrito por\" \/>\n\t<meta name=\"twitter:data1\" content=\"Reda\u00e7\u00e3o\" \/>\n\t<meta name=\"twitter:label2\" content=\"Est. tempo de leitura\" \/>\n\t<meta name=\"twitter:data2\" content=\"3 minutos\" \/>\n<script type=\"application\/ld+json\" class=\"yoast-schema-graph\">{\"@context\":\"https:\/\/schema.org\",\"@graph\":[{\"@type\":\"Article\",\"@id\":\"https:\/\/www.notibras.com\/site\/suplicy-ex-de-marta-sugere-que-senadora-ajude-a-limpar-o-pt\/#article\",\"isPartOf\":{\"@id\":\"https:\/\/www.notibras.com\/site\/suplicy-ex-de-marta-sugere-que-senadora-ajude-a-limpar-o-pt\/\"},\"author\":{\"name\":\"Reda\u00e7\u00e3o\",\"@id\":\"https:\/\/www.notibras.com\/site\/#\/schema\/person\/36ab0979449956132d3e5b517ea76ac8\"},\"headline\":\"Suplicy, ex de Marta, sugere que senadora ajude a limpar o PT\",\"datePublished\":\"2015-01-12T23:19:55+00:00\",\"dateModified\":\"2015-01-13T09:30:55+00:00\",\"mainEntityOfPage\":{\"@id\":\"https:\/\/www.notibras.com\/site\/suplicy-ex-de-marta-sugere-que-senadora-ajude-a-limpar-o-pt\/\"},\"wordCount\":515,\"commentCount\":0,\"publisher\":{\"@id\":\"https:\/\/www.notibras.com\/site\/#organization\"},\"image\":{\"@id\":\"https:\/\/www.notibras.com\/site\/suplicy-ex-de-marta-sugere-que-senadora-ajude-a-limpar-o-pt\/#primaryimage\"},\"thumbnailUrl\":\"https:\/\/www.notibras.com\/site\/wp-content\/uploads\/2015\/01\/suplicy-votando-entrevista-em-sp-peter-leone-futura.jpg\",\"articleSection\":[\"Brasil\"],\"inLanguage\":\"pt-BR\",\"potentialAction\":[{\"@type\":\"CommentAction\",\"name\":\"Comment\",\"target\":[\"https:\/\/www.notibras.com\/site\/suplicy-ex-de-marta-sugere-que-senadora-ajude-a-limpar-o-pt\/#respond\"]}]},{\"@type\":\"WebPage\",\"@id\":\"https:\/\/www.notibras.com\/site\/suplicy-ex-de-marta-sugere-que-senadora-ajude-a-limpar-o-pt\/\",\"url\":\"https:\/\/www.notibras.com\/site\/suplicy-ex-de-marta-sugere-que-senadora-ajude-a-limpar-o-pt\/\",\"name\":\"Suplicy, ex de Marta, sugere que senadora ajude a limpar o PT - Notibras\",\"isPartOf\":{\"@id\":\"https:\/\/www.notibras.com\/site\/#website\"},\"primaryImageOfPage\":{\"@id\":\"https:\/\/www.notibras.com\/site\/suplicy-ex-de-marta-sugere-que-senadora-ajude-a-limpar-o-pt\/#primaryimage\"},\"image\":{\"@id\":\"https:\/\/www.notibras.com\/site\/suplicy-ex-de-marta-sugere-que-senadora-ajude-a-limpar-o-pt\/#primaryimage\"},\"thumbnailUrl\":\"https:\/\/www.notibras.com\/site\/wp-content\/uploads\/2015\/01\/suplicy-votando-entrevista-em-sp-peter-leone-futura.jpg\",\"datePublished\":\"2015-01-12T23:19:55+00:00\",\"dateModified\":\"2015-01-13T09:30:55+00:00\",\"breadcrumb\":{\"@id\":\"https:\/\/www.notibras.com\/site\/suplicy-ex-de-marta-sugere-que-senadora-ajude-a-limpar-o-pt\/#breadcrumb\"},\"inLanguage\":\"pt-BR\",\"potentialAction\":[{\"@type\":\"ReadAction\",\"target\":[\"https:\/\/www.notibras.com\/site\/suplicy-ex-de-marta-sugere-que-senadora-ajude-a-limpar-o-pt\/\"]}]},{\"@type\":\"ImageObject\",\"inLanguage\":\"pt-BR\",\"@id\":\"https:\/\/www.notibras.com\/site\/suplicy-ex-de-marta-sugere-que-senadora-ajude-a-limpar-o-pt\/#primaryimage\",\"url\":\"https:\/\/www.notibras.com\/site\/wp-content\/uploads\/2015\/01\/suplicy-votando-entrevista-em-sp-peter-leone-futura.jpg\",\"contentUrl\":\"https:\/\/www.notibras.com\/site\/wp-content\/uploads\/2015\/01\/suplicy-votando-entrevista-em-sp-peter-leone-futura.jpg\",\"width\":460,\"height\":340},{\"@type\":\"BreadcrumbList\",\"@id\":\"https:\/\/www.notibras.com\/site\/suplicy-ex-de-marta-sugere-que-senadora-ajude-a-limpar-o-pt\/#breadcrumb\",\"itemListElement\":[{\"@type\":\"ListItem\",\"position\":1,\"name\":\"In\u00edcio\",\"item\":\"https:\/\/www.notibras.com\/site\/\"},{\"@type\":\"ListItem\",\"position\":2,\"name\":\"Suplicy, ex de Marta, sugere que senadora ajude a limpar o PT\"}]},{\"@type\":\"WebSite\",\"@id\":\"https:\/\/www.notibras.com\/site\/#website\",\"url\":\"https:\/\/www.notibras.com\/site\/\",\"name\":\"Notibras\",\"description\":\"Not\u00edcias de Bras\u00edlia, do Brasil e do Mundo\",\"publisher\":{\"@id\":\"https:\/\/www.notibras.com\/site\/#organization\"},\"potentialAction\":[{\"@type\":\"SearchAction\",\"target\":{\"@type\":\"EntryPoint\",\"urlTemplate\":\"https:\/\/www.notibras.com\/site\/?s={search_term_string}\"},\"query-input\":{\"@type\":\"PropertyValueSpecification\",\"valueRequired\":true,\"valueName\":\"search_term_string\"}}],\"inLanguage\":\"pt-BR\"},{\"@type\":\"Organization\",\"@id\":\"https:\/\/www.notibras.com\/site\/#organization\",\"name\":\"Grupo Notibras de Comunica\u00e7\u00e3o\",\"url\":\"https:\/\/www.notibras.com\/site\/\",\"logo\":{\"@type\":\"ImageObject\",\"inLanguage\":\"pt-BR\",\"@id\":\"https:\/\/www.notibras.com\/site\/#\/schema\/logo\/image\/\",\"url\":\"https:\/\/www.notibras.com\/site\/wp-content\/uploads\/2023\/01\/notibras23.png\",\"contentUrl\":\"https:\/\/www.notibras.com\/site\/wp-content\/uploads\/2023\/01\/notibras23.png\",\"width\":350,\"height\":87,\"caption\":\"Grupo Notibras de Comunica\u00e7\u00e3o\"},\"image\":{\"@id\":\"https:\/\/www.notibras.com\/site\/#\/schema\/logo\/image\/\"},\"sameAs\":[\"https:\/\/www.facebook.com\/notibras\/\",\"https:\/\/x.com\/Notibras\",\"https:\/\/www.instagram.com\/notibras\/\"]},{\"@type\":\"Person\",\"@id\":\"https:\/\/www.notibras.com\/site\/#\/schema\/person\/36ab0979449956132d3e5b517ea76ac8\",\"name\":\"Reda\u00e7\u00e3o\",\"image\":{\"@type\":\"ImageObject\",\"inLanguage\":\"pt-BR\",\"@id\":\"https:\/\/secure.gravatar.com\/avatar\/e0a867bdedb85fd243eadf09663511f96fc81e0720a4a42581f334ad4303aa6b?s=96&d=mm&r=g\",\"url\":\"https:\/\/secure.gravatar.com\/avatar\/e0a867bdedb85fd243eadf09663511f96fc81e0720a4a42581f334ad4303aa6b?s=96&d=mm&r=g\",\"contentUrl\":\"https:\/\/secure.gravatar.com\/avatar\/e0a867bdedb85fd243eadf09663511f96fc81e0720a4a42581f334ad4303aa6b?s=96&d=mm&r=g\",\"caption\":\"Reda\u00e7\u00e3o\"}}]}<\/script>\n<!-- \/ Yoast SEO plugin. -->","yoast_head_json":{"title":"Suplicy, ex de Marta, sugere que senadora ajude a limpar o PT - Notibras","robots":{"index":"index","follow":"follow","max-snippet":"max-snippet:-1","max-image-preview":"max-image-preview:large","max-video-preview":"max-video-preview:-1"},"canonical":"https:\/\/www.notibras.com\/site\/suplicy-ex-de-marta-sugere-que-senadora-ajude-a-limpar-o-pt\/","og_locale":"pt_BR","og_type":"article","og_title":"Suplicy, ex de Marta, sugere que senadora ajude a limpar o PT - Notibras","og_description":"Em fim de mandato, o\u00a0 senador Eduardo Suplicy (PT-SP) sugeriu nesta segunda-feira 12 que a senadora Marta Suplicy, tamb\u00e9m petista por S\u00e3o Paulo, ajude a corrigir os erros da legenda fundada por Lula, colaborabdo para que erros n\u00e3o se repitam. Os dois foram casados por 37 anos. Marta, ex-ministra da Cultura de Dilma, disse em [&hellip;]","og_url":"https:\/\/www.notibras.com\/site\/suplicy-ex-de-marta-sugere-que-senadora-ajude-a-limpar-o-pt\/","og_site_name":"Notibras","article_publisher":"https:\/\/www.facebook.com\/notibras\/","article_published_time":"2015-01-12T23:19:55+00:00","article_modified_time":"2015-01-13T09:30:55+00:00","og_image":[{"width":460,"height":340,"url":"https:\/\/www.notibras.com\/site\/wp-content\/uploads\/2015\/01\/suplicy-votando-entrevista-em-sp-peter-leone-futura.jpg","type":"image\/jpeg"}],"author":"Reda\u00e7\u00e3o","twitter_card":"summary_large_image","twitter_creator":"@Notibras","twitter_site":"@Notibras","twitter_misc":{"Escrito por":"Reda\u00e7\u00e3o","Est. tempo de leitura":"3 minutos"},"schema":{"@context":"https:\/\/schema.org","@graph":[{"@type":"Article","@id":"https:\/\/www.notibras.com\/site\/suplicy-ex-de-marta-sugere-que-senadora-ajude-a-limpar-o-pt\/#article","isPartOf":{"@id":"https:\/\/www.notibras.com\/site\/suplicy-ex-de-marta-sugere-que-senadora-ajude-a-limpar-o-pt\/"},"author":{"name":"Reda\u00e7\u00e3o","@id":"https:\/\/www.notibras.com\/site\/#\/schema\/person\/36ab0979449956132d3e5b517ea76ac8"},"headline":"Suplicy, ex de Marta, sugere que senadora ajude a limpar o PT","datePublished":"2015-01-12T23:19:55+00:00","dateModified":"2015-01-13T09:30:55+00:00","mainEntityOfPage":{"@id":"https:\/\/www.notibras.com\/site\/suplicy-ex-de-marta-sugere-que-senadora-ajude-a-limpar-o-pt\/"},"wordCount":515,"commentCount":0,"publisher":{"@id":"https:\/\/www.notibras.com\/site\/#organization"},"image":{"@id":"https:\/\/www.notibras.com\/site\/suplicy-ex-de-marta-sugere-que-senadora-ajude-a-limpar-o-pt\/#primaryimage"},"thumbnailUrl":"https:\/\/www.notibras.com\/site\/wp-content\/uploads\/2015\/01\/suplicy-votando-entrevista-em-sp-peter-leone-futura.jpg","articleSection":["Brasil"],"inLanguage":"pt-BR","potentialAction":[{"@type":"CommentAction","name":"Comment","target":["https:\/\/www.notibras.com\/site\/suplicy-ex-de-marta-sugere-que-senadora-ajude-a-limpar-o-pt\/#respond"]}]},{"@type":"WebPage","@id":"https:\/\/www.notibras.com\/site\/suplicy-ex-de-marta-sugere-que-senadora-ajude-a-limpar-o-pt\/","url":"https:\/\/www.notibras.com\/site\/suplicy-ex-de-marta-sugere-que-senadora-ajude-a-limpar-o-pt\/","name":"Suplicy, ex de Marta, sugere que senadora ajude a limpar o PT - Notibras","isPartOf":{"@id":"https:\/\/www.notibras.com\/site\/#website"},"primaryImageOfPage":{"@id":"https:\/\/www.notibras.com\/site\/suplicy-ex-de-marta-sugere-que-senadora-ajude-a-limpar-o-pt\/#primaryimage"},"image":{"@id":"https:\/\/www.notibras.com\/site\/suplicy-ex-de-marta-sugere-que-senadora-ajude-a-limpar-o-pt\/#primaryimage"},"thumbnailUrl":"https:\/\/www.notibras.com\/site\/wp-content\/uploads\/2015\/01\/suplicy-votando-entrevista-em-sp-peter-leone-futura.jpg","datePublished":"2015-01-12T23:19:55+00:00","dateModified":"2015-01-13T09:30:55+00:00","breadcrumb":{"@id":"https:\/\/www.notibras.com\/site\/suplicy-ex-de-marta-sugere-que-senadora-ajude-a-limpar-o-pt\/#breadcrumb"},"inLanguage":"pt-BR","potentialAction":[{"@type":"ReadAction","target":["https:\/\/www.notibras.com\/site\/suplicy-ex-de-marta-sugere-que-senadora-ajude-a-limpar-o-pt\/"]}]},{"@type":"ImageObject","inLanguage":"pt-BR","@id":"https:\/\/www.notibras.com\/site\/suplicy-ex-de-marta-sugere-que-senadora-ajude-a-limpar-o-pt\/#primaryimage","url":"https:\/\/www.notibras.com\/site\/wp-content\/uploads\/2015\/01\/suplicy-votando-entrevista-em-sp-peter-leone-futura.jpg","contentUrl":"https:\/\/www.notibras.com\/site\/wp-content\/uploads\/2015\/01\/suplicy-votando-entrevista-em-sp-peter-leone-futura.jpg","width":460,"height":340},{"@type":"BreadcrumbList","@id":"https:\/\/www.notibras.com\/site\/suplicy-ex-de-marta-sugere-que-senadora-ajude-a-limpar-o-pt\/#breadcrumb","itemListElement":[{"@type":"ListItem","position":1,"name":"In\u00edcio","item":"https:\/\/www.notibras.com\/site\/"},{"@type":"ListItem","position":2,"name":"Suplicy, ex de Marta, sugere que senadora ajude a limpar o PT"}]},{"@type":"WebSite","@id":"https:\/\/www.notibras.com\/site\/#website","url":"https:\/\/www.notibras.com\/site\/","name":"Notibras","description":"Not\u00edcias de Bras\u00edlia, do Brasil e do Mundo","publisher":{"@id":"https:\/\/www.notibras.com\/site\/#organization"},"potentialAction":[{"@type":"SearchAction","target":{"@type":"EntryPoint","urlTemplate":"https:\/\/www.notibras.com\/site\/?s={search_term_string}"},"query-input":{"@type":"PropertyValueSpecification","valueRequired":true,"valueName":"search_term_string"}}],"inLanguage":"pt-BR"},{"@type":"Organization","@id":"https:\/\/www.notibras.com\/site\/#organization","name":"Grupo Notibras de Comunica\u00e7\u00e3o","url":"https:\/\/www.notibras.com\/site\/","logo":{"@type":"ImageObject","inLanguage":"pt-BR","@id":"https:\/\/www.notibras.com\/site\/#\/schema\/logo\/image\/","url":"https:\/\/www.notibras.com\/site\/wp-content\/uploads\/2023\/01\/notibras23.png","contentUrl":"https:\/\/www.notibras.com\/site\/wp-content\/uploads\/2023\/01\/notibras23.png","width":350,"height":87,"caption":"Grupo Notibras de Comunica\u00e7\u00e3o"},"image":{"@id":"https:\/\/www.notibras.com\/site\/#\/schema\/logo\/image\/"},"sameAs":["https:\/\/www.facebook.com\/notibras\/","https:\/\/x.com\/Notibras","https:\/\/www.instagram.com\/notibras\/"]},{"@type":"Person","@id":"https:\/\/www.notibras.com\/site\/#\/schema\/person\/36ab0979449956132d3e5b517ea76ac8","name":"Reda\u00e7\u00e3o","image":{"@type":"ImageObject","inLanguage":"pt-BR","@id":"https:\/\/secure.gravatar.com\/avatar\/e0a867bdedb85fd243eadf09663511f96fc81e0720a4a42581f334ad4303aa6b?s=96&d=mm&r=g","url":"https:\/\/secure.gravatar.com\/avatar\/e0a867bdedb85fd243eadf09663511f96fc81e0720a4a42581f334ad4303aa6b?s=96&d=mm&r=g","contentUrl":"https:\/\/secure.gravatar.com\/avatar\/e0a867bdedb85fd243eadf09663511f96fc81e0720a4a42581f334ad4303aa6b?s=96&d=mm&r=g","caption":"Reda\u00e7\u00e3o"}}]}},"amp_enabled":true,"_links":{"self":[{"href":"https:\/\/www.notibras.com\/site\/wp-json\/wp\/v2\/posts\/33846","targetHints":{"allow":["GET"]}}],"collection":[{"href":"https:\/\/www.notibras.com\/site\/wp-json\/wp\/v2\/posts"}],"about":[{"href":"https:\/\/www.notibras.com\/site\/wp-json\/wp\/v2\/types\/post"}],"author":[{"embeddable":true,"href":"https:\/\/www.notibras.com\/site\/wp-json\/wp\/v2\/users\/2"}],"replies":[{"embeddable":true,"href":"https:\/\/www.notibras.com\/site\/wp-json\/wp\/v2\/comments?post=33846"}],"version-history":[{"count":0,"href":"https:\/\/www.notibras.com\/site\/wp-json\/wp\/v2\/posts\/33846\/revisions"}],"wp:featuredmedia":[{"embeddable":true,"href":"https:\/\/www.notibras.com\/site\/wp-json\/wp\/v2\/media\/33847"}],"wp:attachment":[{"href":"https:\/\/www.notibras.com\/site\/wp-json\/wp\/v2\/media?parent=33846"}],"wp:term":[{"taxonomy":"category","embeddable":true,"href":"https:\/\/www.notibras.com\/site\/wp-json\/wp\/v2\/categories?post=33846"},{"taxonomy":"post_tag","embeddable":true,"href":"https:\/\/www.notibras.com\/site\/wp-json\/wp\/v2\/tags?post=33846"}],"curies":[{"name":"wp","href":"https:\/\/api.w.org\/{rel}","templated":true}]}}