{"id":338473,"date":"2024-10-12T02:38:14","date_gmt":"2024-10-12T05:38:14","guid":{"rendered":"https:\/\/www.notibras.com\/site\/?p=338473"},"modified":"2024-10-12T02:40:17","modified_gmt":"2024-10-12T05:40:17","slug":"chapa-sem-militancia-apodrece-laranjal-de-jr","status":"publish","type":"post","link":"https:\/\/www.notibras.com\/site\/chapa-sem-militancia-apodrece-laranjal-de-jr\/","title":{"rendered":"Chapa sem milit\u00e2ncia apodrece laranjal de Jr"},"content":{"rendered":"<p><strong>Notibras<\/strong> participou ativamente com uma ampla cobertura jornal\u00edstica na \u00faltima elei\u00e7\u00e3o para a Ordem dos Advogados do Brasil, seccional da capital da Rep\u00fablica e subse\u00e7\u00f5es das Administra\u00e7\u00f5es Regionais. Criticamos os desacreditados &#8211; embora a eles dando direito de resposta &#8211; e criamos, dentro da isen\u00e7\u00e3o poss\u00edvel, uma esp\u00e9cie de escudo em defesa de um grupo que, acredit\u00e1vamos, estava no caminho certo. Ficamos satisfeitos com o resultado, mas n\u00e3o comemoramos a vit\u00f3ria de Jr. \u00c9 certo que contribu\u00edmos ao mostrar o caminho das pedras. Mas isso deveu-se, em especial, a velhos elos com D\u00e9lio pai, figura expressiva no campo do Direito.<\/p>\n<p>Estas linhas est\u00e3o sendo escritas no sal\u00e3o de embarque do Aeroporto Internacional dos Guararapes, na capital pernambucana. Terra, ali\u00e1s, dos Lins e Silva. Logo amanhecerei em Bras\u00edlia, convidado que fui por um seleto grupo de amigos que\u00a0 entendem que <strong>Notibras<\/strong> pode contribuir para a constru\u00e7\u00e3o de uma chapa vencedora. E desta vez, salvo dados irrefut\u00e1veis (o que parece n\u00e3o existir), o grupo de Jr passar\u00e1 ao largo do nosso notici\u00e1rio.<\/p>\n<p>Com informa\u00e7\u00f5es colhidas junto a advogados de diferentes campos do Direito , conclu\u00edmos que os laranjas, supostamente, est\u00e3o usando c\u00edtricos capazes de azedar a candidatura de Polly. Tudo porque o grande laranjal que se criou para manter o poder na OAB brasiliense, teria relegado profissionais militantes para comporem o comando da seccional.\u00a0 Ora, direis &#8211; como dizemos aqui -, que a presen\u00e7a de representantes da milit\u00e2ncia \u00e9 imprescind\u00edvel\u00a0 para a composi\u00e7\u00e3o de um bom colegiado diretivo.\u00a0 Data v\u00eania, nobres juristas, milit\u00e2ncia \u00e9 de suma import\u00e2ncia para o fortalecimento da institui\u00e7\u00e3o e a defesa efetiva dos interesses da classe e da sociedade.<\/p>\n<p>Nunca \u00e9 demais lembrar que advogados militantes s\u00e3o aqueles que est\u00e3o diretamente envolvidos na pr\u00e1tica da advocacia, lidando diariamente com os desafios enfrentados pela profiss\u00e3o, como o acesso \u00e0 justi\u00e7a, o respeito \u00e0s prerrogativas dos advogados e a garantia de direitos fundamentais.<\/p>\n<p>Ao integrar a diretoria da OAB, advogados militantes trazem uma vis\u00e3o pr\u00e1tica e atualizada das necessidades da advocacia e das transforma\u00e7\u00f5es jur\u00eddicas e sociais. Eles vivenciam, na linha de frente, as dificuldades e injusti\u00e7as que muitos profissionais enfrentam para desenvolver suas atividades. S\u00e3o eles mais capacitados para propor solu\u00e7\u00f5es eficazes e lutar por melhores condi\u00e7\u00f5es de trabalho para a classe.<\/p>\n<p>Observe-se, ainda, que a presen\u00e7a de militantes na diretoria da OAB \u00e9 crucial para garantir que a entidade continue atuando como uma defensora dos direitos humanos e das liberdades civis. Historicamente, a OAB tem sido uma voz ativa na defesa do Estado Democr\u00e1tico de Direito, e essa postura s\u00f3 \u00e9 refor\u00e7ada com a presen\u00e7a de advogados que t\u00eam experi\u00eancia direta na luta por causas sociais e pelo fortalecimento das institui\u00e7\u00f5es democr\u00e1ticas.<\/p>\n<p>Mas, tudo indica, pelas informa\u00e7\u00f5es que nos chegam, que a turma laranja amarelou e buscou nomes que provavelmente desconhe\u00e7am a sede da seccional, na Asa Norte. \u00c9 o caso de uma professora de Direito, teoricamente escolhida para ser a segunda pessoa em comando numa pouca prov\u00e1vel vit\u00f3ria do grupo de Jr. Nesse caso espec\u00edfico, ao menos duas outras chapas sa\u00edram na frente.<\/p>\n<p>Isso n\u00e3o \u00e9 sin\u00f4nimo de vit\u00f3ria, claro. Mesmo porque, s\u00f3 uma leva a coroa. Entretanto, quem trabalha com militantes, conferindo-lhes inclusive\u00a0 posi\u00e7\u00f5es de lideran\u00e7a, transmite a imagem de que a entidade resgatar\u00e1 seu compromisso com a advocacia combativa e a justi\u00e7a social, promovendo uma gest\u00e3o mais pr\u00f3xima da realidade dos profissionais e da sociedade que a Ordem se prop\u00f5e a servir. <strong>Notibras<\/strong> \u00e9 um portal de not\u00edcias, n\u00e3o um or\u00e1culo. Mas sabemos que Ewhaz,\u00a0 a runa da vit\u00f3ria, pode ter diferentes matizes. Desta vez, contudo, n\u00e3o a cor laranja.<\/p>\n<p><strong>*Jos\u00e9 Seabra \u00e9 diretor-regional da Sucursal Nordeste de <em>Notibras.<\/em><\/strong><\/p>\n","protected":false},"excerpt":{"rendered":"<p>Notibras participou ativamente com uma ampla cobertura jornal\u00edstica na \u00faltima elei\u00e7\u00e3o para a Ordem dos Advogados do Brasil, seccional da capital da Rep\u00fablica e subse\u00e7\u00f5es das Administra\u00e7\u00f5es Regionais. Criticamos os desacreditados &#8211; embora a eles dando direito de resposta &#8211; e criamos, dentro da isen\u00e7\u00e3o poss\u00edvel, uma esp\u00e9cie de escudo em defesa de um grupo [&hellip;]<\/p>\n","protected":false},"author":2,"featured_media":255334,"comment_status":"closed","ping_status":"closed","sticky":false,"template":"","format":"standard","meta":{"_acf_changed":false,"footnotes":""},"categories":[161],"tags":[],"class_list":["post-338473","post","type-post","status-publish","format-standard","has-post-thumbnail","hentry","category-quadradinho-em-foco"],"acf":[],"_links":{"self":[{"href":"https:\/\/www.notibras.com\/site\/wp-json\/wp\/v2\/posts\/338473","targetHints":{"allow":["GET"]}}],"collection":[{"href":"https:\/\/www.notibras.com\/site\/wp-json\/wp\/v2\/posts"}],"about":[{"href":"https:\/\/www.notibras.com\/site\/wp-json\/wp\/v2\/types\/post"}],"author":[{"embeddable":true,"href":"https:\/\/www.notibras.com\/site\/wp-json\/wp\/v2\/users\/2"}],"replies":[{"embeddable":true,"href":"https:\/\/www.notibras.com\/site\/wp-json\/wp\/v2\/comments?post=338473"}],"version-history":[{"count":4,"href":"https:\/\/www.notibras.com\/site\/wp-json\/wp\/v2\/posts\/338473\/revisions"}],"predecessor-version":[{"id":338477,"href":"https:\/\/www.notibras.com\/site\/wp-json\/wp\/v2\/posts\/338473\/revisions\/338477"}],"wp:featuredmedia":[{"embeddable":true,"href":"https:\/\/www.notibras.com\/site\/wp-json\/wp\/v2\/media\/255334"}],"wp:attachment":[{"href":"https:\/\/www.notibras.com\/site\/wp-json\/wp\/v2\/media?parent=338473"}],"wp:term":[{"taxonomy":"category","embeddable":true,"href":"https:\/\/www.notibras.com\/site\/wp-json\/wp\/v2\/categories?post=338473"},{"taxonomy":"post_tag","embeddable":true,"href":"https:\/\/www.notibras.com\/site\/wp-json\/wp\/v2\/tags?post=338473"}],"curies":[{"name":"wp","href":"https:\/\/api.w.org\/{rel}","templated":true}]}}