{"id":338478,"date":"2024-10-12T00:49:53","date_gmt":"2024-10-12T03:49:53","guid":{"rendered":"https:\/\/www.notibras.com\/site\/?p=338478"},"modified":"2024-10-12T03:00:50","modified_gmt":"2024-10-12T06:00:50","slug":"cidades-do-ceara-ganham-113-onibus-escolares","status":"publish","type":"post","link":"https:\/\/www.notibras.com\/site\/cidades-do-ceara-ganham-113-onibus-escolares\/","title":{"rendered":"Cidades do Cear\u00e1 ganham 113 \u00f4nibus escolares"},"content":{"rendered":"<p>O Minist\u00e9rio da Educa\u00e7\u00e3o (MEC) repassou 113 novos \u00f4nibus escolares, que v\u00e3o atender 113 munic\u00edpios cearenses. A cerim\u00f4nia de entrega ocorreu na tarde desta sexta-feira (11), em Fortaleza, e contou com a participa\u00e7\u00e3o do presidente Luiz In\u00e1cio Lula da Silva, que cumpre agenda no estado.<\/p>\n<p>&#8220;N\u00f3s estamos entregando 113 \u00f4nibus para o Cear\u00e1. \u00c9 a primeira leva que a gente vai entregar. V\u00e3o ser muitos&#8221;, destacou o presidente, que observou a falta de prioridade de governos anteriores em rela\u00e7\u00e3o a investimentos na educa\u00e7\u00e3o.<\/p>\n<p>Adquiridos com recursos do Novo PAC, os \u00f4nibus destinados ao Cear\u00e1 fazem parte de uma primeira fase, que prev\u00ea a entrega de 1,5 mil ve\u00edculos em todo o pa\u00eds, que v\u00e3o atender estudantes do ensino fundamental e m\u00e9dio da zona rural. Alunos da educa\u00e7\u00e3o de jovens e adultos (EJA) tamb\u00e9m ser\u00e3o beneficiados. A a\u00e7\u00e3o atingir\u00e1 13,5 mil estudantes, estima o governo federal. Os \u00f4nibus novos contam com rede de internet e ar-condicionado. At\u00e9 o final do mandato, a previs\u00e3o \u00e9 entregar 3 mil \u00f4nibus escolares.<\/p>\n<p>Mais cedo, na capital cearense, Lula participou da entrega de 1,3 mil unidades habitacionais do Programa Minha Casa Minha Vida. Lula embarcou em seguida para Bel\u00e9m, onde passar\u00e1 o fim semana, para participar da Romaria do C\u00edrio de Nazar\u00e9.<\/p>\n","protected":false},"excerpt":{"rendered":"<p>O Minist\u00e9rio da Educa\u00e7\u00e3o (MEC) repassou 113 novos \u00f4nibus escolares, que v\u00e3o atender 113 munic\u00edpios cearenses. A cerim\u00f4nia de entrega ocorreu na tarde desta sexta-feira (11), em Fortaleza, e contou com a participa\u00e7\u00e3o do presidente Luiz In\u00e1cio Lula da Silva, que cumpre agenda no estado. &#8220;N\u00f3s estamos entregando 113 \u00f4nibus para o Cear\u00e1. \u00c9 a [&hellip;]<\/p>\n","protected":false},"author":2,"featured_media":338479,"comment_status":"closed","ping_status":"closed","sticky":false,"template":"","format":"standard","meta":{"_acf_changed":false,"footnotes":""},"categories":[165],"tags":[],"class_list":["post-338478","post","type-post","status-publish","format-standard","has-post-thumbnail","hentry","category-nordeste"],"acf":[],"_links":{"self":[{"href":"https:\/\/www.notibras.com\/site\/wp-json\/wp\/v2\/posts\/338478","targetHints":{"allow":["GET"]}}],"collection":[{"href":"https:\/\/www.notibras.com\/site\/wp-json\/wp\/v2\/posts"}],"about":[{"href":"https:\/\/www.notibras.com\/site\/wp-json\/wp\/v2\/types\/post"}],"author":[{"embeddable":true,"href":"https:\/\/www.notibras.com\/site\/wp-json\/wp\/v2\/users\/2"}],"replies":[{"embeddable":true,"href":"https:\/\/www.notibras.com\/site\/wp-json\/wp\/v2\/comments?post=338478"}],"version-history":[{"count":3,"href":"https:\/\/www.notibras.com\/site\/wp-json\/wp\/v2\/posts\/338478\/revisions"}],"predecessor-version":[{"id":338482,"href":"https:\/\/www.notibras.com\/site\/wp-json\/wp\/v2\/posts\/338478\/revisions\/338482"}],"wp:featuredmedia":[{"embeddable":true,"href":"https:\/\/www.notibras.com\/site\/wp-json\/wp\/v2\/media\/338479"}],"wp:attachment":[{"href":"https:\/\/www.notibras.com\/site\/wp-json\/wp\/v2\/media?parent=338478"}],"wp:term":[{"taxonomy":"category","embeddable":true,"href":"https:\/\/www.notibras.com\/site\/wp-json\/wp\/v2\/categories?post=338478"},{"taxonomy":"post_tag","embeddable":true,"href":"https:\/\/www.notibras.com\/site\/wp-json\/wp\/v2\/tags?post=338478"}],"curies":[{"name":"wp","href":"https:\/\/api.w.org\/{rel}","templated":true}]}}