{"id":338491,"date":"2024-10-12T11:36:00","date_gmt":"2024-10-12T14:36:00","guid":{"rendered":"https:\/\/www.notibras.com\/site\/?p=338491"},"modified":"2024-10-12T11:37:37","modified_gmt":"2024-10-12T14:37:37","slug":"dolores-pernambucana-se-livra-da-sina-de-ser-dada","status":"publish","type":"post","link":"https:\/\/www.notibras.com\/site\/dolores-pernambucana-se-livra-da-sina-de-ser-dada\/","title":{"rendered":"Dolores, pernambucana, se livra da sina de ser dada"},"content":{"rendered":"<p>A solid\u00e3o sempre se fez presente na minha vida, mesmo quando estive rodeada de pessoas. De vez em quando, grito para dentro de mim, talvez para manter a sanidade diante de tanto tresvario.<\/p>\n<p>Desde menina percebi como a sociedade funciona e, ent\u00e3o, decidi preservar meus anseios, desejos e instintos. N\u00e3o importa o nome que voc\u00ea queira usar, mesmo porque levei muito tempo para entender que nasci assim.<\/p>\n<p>N\u00e3o foi culpa dos meus pais, maldi\u00e7\u00e3o, pecado, falta de corretivo ou educa\u00e7\u00e3o. Tamb\u00e9m n\u00e3o \u00e9 coisa dos novos tempos, haja vista tantos tipos semelhantes a mim, que a hipocrisia sempre procurou empurrar para debaixo do tapete.<\/p>\n<p>Meu nome \u00e9 Maria Dolores Gomes Pereira, nascida e criada na pequena Itacuruba, Pernambuco. Aos 12 anos, fui prometida por meu pai a um vi\u00favo de seus 50 anos. Justamente eu, que nunca me interessei pelos garotos.<\/p>\n<p>Minha m\u00e3e n\u00e3o disse palavra sobre o assunto. Ela, que tamb\u00e9m havia passado pela mesma situa\u00e7\u00e3o quase duas d\u00e9cadas antes, agora era testemunha do destino da \u00fanica filha, que veio logo ap\u00f3s uma carreira de var\u00f5es.<\/p>\n<p>Dami\u00e3o. Era esse o nome do sujeito que iria me arrancar dos meus sonhos. A falecida tivera a derradeira gravidez complicada, cujo \u00fanico filho homem n\u00e3o chegou a respirar neste mundo desalmado.<\/p>\n<p>O vi\u00favo, com cinco filhas ao p\u00e9, necessitava de mulher jovem para lhe dar ao menos um herdeiro masculino. Curiosa que sempre fui, aprumei os ouvidos para ouvir o trato de meu pai e Dami\u00e3o.<\/p>\n<p>\u2014 Gumercindo, voc\u00ea sabe que necessito de esposa que me d\u00ea meninos.<\/p>\n<p>\u2014 Pode ficar tranquilo, seu Dami\u00e3o, que Dolores \u00e9 forte e saud\u00e1vel.<\/p>\n<p>\u2014 Sinto que ela \u00e9 ainda muito jovem.<\/p>\n<p>\u2014 \u00c9 verdade, mas logo as ancas alargam que nem as da m\u00e3e. Vai ser boa parideira.<\/p>\n<p>\u2014 Confio em voc\u00ea, Gumercindo.<\/p>\n<p>\u2014 Pois pode confiar, seu Dami\u00e3o. Minha filha vai encher o seu quintal de meninos gra\u00fados.<\/p>\n<p>Chorei a noite inteira e todas as que se seguiram. N\u00e3o queria me casar com aquele homem. Ali\u00e1s, n\u00e3o queria me casar com ningu\u00e9m. Eu n\u00e3o passava de uma menina e estava prestes a ser for\u00e7ada a viver uma vida de parideira.<\/p>\n<p>N\u00e3o me tornei esposa do Dami\u00e3o. N\u00e3o me tornei esposa de homem nenhum. Fugi de casa sete dias ap\u00f3s a conversa que meu pai teve com aquele tipo.<\/p>\n<p>Nunca mais vi minha fam\u00edlia. Ca\u00ed no mundo antes que fosse engolida pelos costumes. Nunca foi f\u00e1cil, mas faria de novo.<\/p>\n<p>Hoje faz 30 anos ap\u00f3s a minha fuga. Olho para tr\u00e1s e vejo que tomei a \u00fanica decis\u00e3o poss\u00edvel para me livrar da sina das mulheres da minha fam\u00edlia. \u00c9 verdade que minha trajet\u00f3ria foi espinhosa, mas consegui me desvencilhar de quase todos os homens que quiseram abusar daquela garotinha de outrora.<\/p>\n<p><strong>*Eduardo Mart\u00ednez \u00e9 autor do livro \u201c57 Contos e Cr\u00f4nicas por um Autor muito Velho\u201d.<\/strong><\/p>\n<p>Compre aqui\u00a0<span class=\"x19la9d6 x1fc57z9 x6ikm8r x10wlt62 x19co3pv x1g5zs5t xfibh0p xiy17q3 x1xsqp64 x1lkfr7t xexx8yu x4uap5 x18d9i69 xkhd6sd\"><span class=\"xrtxmta x1bhl96m\"><img decoding=\"async\" class=\"emoji\" role=\"img\" draggable=\"false\" src=\"https:\/\/s.w.org\/images\/core\/emoji\/14.0.0\/svg\/1f447-1f3ff.svg\" alt=\"&#x1f447;&#x1f3ff;\" \/><\/span><\/span><span class=\"x19la9d6 x1fc57z9 x6ikm8r x10wlt62 x19co3pv x1g5zs5t xfibh0p xiy17q3 x1xsqp64 x1lkfr7t xexx8yu x4uap5 x18d9i69 xkhd6sd\"><span class=\"xrtxmta x1bhl96m\"><img decoding=\"async\" class=\"emoji\" role=\"img\" draggable=\"false\" src=\"https:\/\/s.w.org\/images\/core\/emoji\/14.0.0\/svg\/1f447-1f3ff.svg\" alt=\"&#x1f447;&#x1f3ff;\" \/><\/span><\/span><span class=\"x19la9d6 x1fc57z9 x6ikm8r x10wlt62 x19co3pv x1g5zs5t xfibh0p xiy17q3 x1xsqp64 x1lkfr7t xexx8yu x4uap5 x18d9i69 xkhd6sd\"><span class=\"xrtxmta x1bhl96m\"><img decoding=\"async\" class=\"emoji\" role=\"img\" draggable=\"false\" src=\"https:\/\/s.w.org\/images\/core\/emoji\/14.0.0\/svg\/1f447-1f3ff.svg\" alt=\"&#x1f447;&#x1f3ff;\" \/><\/span><\/span><\/p>\n<p><a href=\"http:\/\/www.joanineditora.com.br\/57-contos-e-cronicas-por-um-autor-muito-velho\">http:\/\/www.joanineditora.com.br\/57-contos-e-cronicas-por-um-autor-muito-velho<\/a><\/p>\n","protected":false},"excerpt":{"rendered":"<p>A solid\u00e3o sempre se fez presente na minha vida, mesmo quando estive rodeada de pessoas. De vez em quando, grito para dentro de mim, talvez para manter a sanidade diante de tanto tresvario. Desde menina percebi como a sociedade funciona e, ent\u00e3o, decidi preservar meus anseios, desejos e instintos. N\u00e3o importa o nome que voc\u00ea [&hellip;]<\/p>\n","protected":false},"author":2,"featured_media":338492,"comment_status":"closed","ping_status":"closed","sticky":false,"template":"","format":"standard","meta":{"_acf_changed":false,"footnotes":""},"categories":[165],"tags":[],"class_list":["post-338491","post","type-post","status-publish","format-standard","has-post-thumbnail","hentry","category-nordeste"],"acf":[],"_links":{"self":[{"href":"https:\/\/www.notibras.com\/site\/wp-json\/wp\/v2\/posts\/338491","targetHints":{"allow":["GET"]}}],"collection":[{"href":"https:\/\/www.notibras.com\/site\/wp-json\/wp\/v2\/posts"}],"about":[{"href":"https:\/\/www.notibras.com\/site\/wp-json\/wp\/v2\/types\/post"}],"author":[{"embeddable":true,"href":"https:\/\/www.notibras.com\/site\/wp-json\/wp\/v2\/users\/2"}],"replies":[{"embeddable":true,"href":"https:\/\/www.notibras.com\/site\/wp-json\/wp\/v2\/comments?post=338491"}],"version-history":[{"count":2,"href":"https:\/\/www.notibras.com\/site\/wp-json\/wp\/v2\/posts\/338491\/revisions"}],"predecessor-version":[{"id":338494,"href":"https:\/\/www.notibras.com\/site\/wp-json\/wp\/v2\/posts\/338491\/revisions\/338494"}],"wp:featuredmedia":[{"embeddable":true,"href":"https:\/\/www.notibras.com\/site\/wp-json\/wp\/v2\/media\/338492"}],"wp:attachment":[{"href":"https:\/\/www.notibras.com\/site\/wp-json\/wp\/v2\/media?parent=338491"}],"wp:term":[{"taxonomy":"category","embeddable":true,"href":"https:\/\/www.notibras.com\/site\/wp-json\/wp\/v2\/categories?post=338491"},{"taxonomy":"post_tag","embeddable":true,"href":"https:\/\/www.notibras.com\/site\/wp-json\/wp\/v2\/tags?post=338491"}],"curies":[{"name":"wp","href":"https:\/\/api.w.org\/{rel}","templated":true}]}}