{"id":338553,"date":"2024-10-13T09:32:56","date_gmt":"2024-10-13T12:32:56","guid":{"rendered":"https:\/\/www.notibras.com\/site\/?p=338553"},"modified":"2024-10-13T09:32:56","modified_gmt":"2024-10-13T12:32:56","slug":"imbativel-na-pelada-dori-escapa-da-dor-da-picada","status":"publish","type":"post","link":"https:\/\/www.notibras.com\/site\/imbativel-na-pelada-dori-escapa-da-dor-da-picada\/","title":{"rendered":"Imbat\u00edvel na pelada, Dori escapa da dor da picada"},"content":{"rendered":"<p>Acabei de voltar da rua. Fui comprar meio quilo de cebola, um de tomate, al\u00e9m de algumas batatas. Demorei mais do que de costume, mas Arlete, minha esposa, parece que nem percebeu. Mesmo assim, puxei conversa, enquanto ela, sentada no sof\u00e1, mexia no jornal da semana anterior, talvez em busca de algo para abstra\u00ed-la dessa vida t\u00e3o tediosa.<\/p>\n<p>\u2014 Vi uns meninos jogando bola no campinho do final da rua.<\/p>\n<p>Arlete nem se deu ao trabalho de desviar os olhos daquelas p\u00e1ginas usadas. Ainda esperei por mais um instante, at\u00e9 que rumei para a varanda, onde me deitei na rede. Ouvi o ranger do tecido esticar com o meu peso, que, n\u00e3o tem como esconder, fez o ponteiro da balan\u00e7a da farm\u00e1cia da esquina trabalhar um pouco mais nos \u00faltimos meses.<\/p>\n<p>Meu pensamento voltou para aqueles garotos batendo uma pelada. Isso me remeteu h\u00e1 quase 60 anos, quando era eu que corria atr\u00e1s da bola. Jogava muito! Era o craque da minha rua! O problema, hoje percebo isso com maior clareza, \u00e9 que no meu bairro havia um monte de outras ruas, cada uma com o seu craque. Sem contar que a cidade j\u00e1 possu\u00eda dezenas de bairros, todos com tantas ou mais ruas do que o meu.<\/p>\n<p>Tudo bem que o meu senso cr\u00edtico, ao longo dos anos, se tornou cada vez mais presente. Todavia, hoje n\u00e3o estou a fim de qualquer olhar de descr\u00e9dito em rela\u00e7\u00e3o aos meus dribles inimagin\u00e1veis. Fui o maioral da minha rua, do meu bairro, da minha cidade, do pa\u00eds inteiro e, obviamente, do mundo todo, incluindo a Austr\u00e1lia, que, para aquele grupo de terraplanista, n\u00e3o existe. Que assim seja, pois necessito de tal momento de mentira. Ali\u00e1s, mentira \u00e9 uma palavra muito pesada. Ilus\u00e3o. Sim, ilus\u00e3o!<\/p>\n<p>Pois l\u00e1 estava eu, aos 10, driblando todos os marcadores implac\u00e1veis. Certamente, tiveram pesadelos na noite anterior, pois sabiam que iriam tentar o imposs\u00edvel, ou seja, marcar o imarc\u00e1vel. Sim! Eis que, velho que hoje sou, me imagino Garrincha nos meus tempos de menino. Que seja! Meus pensamentos s\u00e3o meus e pronto e acabou! Ademais, estou sozinho neste momento, at\u00e9 o som da rede se esticando j\u00e1 se foi. Sil\u00eancio l\u00e1 fora, gritaria aqui dentro da minha cachola. Miragem sem fim.<\/p>\n<p>Uma abelha! Uma m\u00edsera abelha me transporta de volta \u00e0 realidade. N\u00e3o sou al\u00e9rgico \u00e0 picada desse inseto. Entretanto, minha sensibilidade \u00e0 dor me faz um dos seres mais covardes da face da Terra. Por que fui deixar a janela aberta, se hoje est\u00e1 frio?<\/p>\n<p>A danada sobrevoa em c\u00edrculos minha cabe\u00e7a, at\u00e9 que decide pousar bem na minha testa. Fico paralisado, tamanho o medo que me domina. Meus olhos, de t\u00e3o arregalados, quase s\u00e3o catapultados, talvez por n\u00e3o quererem ver o que vai acontecer. Plaft!!!<\/p>\n<p>\u2014 Dorival, o almo\u00e7o est\u00e1 pronto &#8211; Arlete, que acabara de matar a abelha, me intima, enquanto sacode a arma do crime: o jornal.<\/p>\n<p><strong>*Eduardo Mart\u00ednez \u00e9 autor do livro \u201c57 Contos e Cr\u00f4nicas por um Autor muito Velho\u201d.<\/strong><\/p>\n<p>Compre aqui\u00a0<span class=\"x19la9d6 x1fc57z9 x6ikm8r x10wlt62 x19co3pv x1g5zs5t xfibh0p xiy17q3 x1xsqp64 x1lkfr7t xexx8yu x4uap5 x18d9i69 xkhd6sd\"><span class=\"xrtxmta x1bhl96m\"><img decoding=\"async\" class=\"emoji\" role=\"img\" draggable=\"false\" src=\"https:\/\/s.w.org\/images\/core\/emoji\/14.0.0\/svg\/1f447-1f3ff.svg\" alt=\"&#x1f447;&#x1f3ff;\" \/><\/span><\/span><span class=\"x19la9d6 x1fc57z9 x6ikm8r x10wlt62 x19co3pv x1g5zs5t xfibh0p xiy17q3 x1xsqp64 x1lkfr7t xexx8yu x4uap5 x18d9i69 xkhd6sd\"><span class=\"xrtxmta x1bhl96m\"><img decoding=\"async\" class=\"emoji\" role=\"img\" draggable=\"false\" src=\"https:\/\/s.w.org\/images\/core\/emoji\/14.0.0\/svg\/1f447-1f3ff.svg\" alt=\"&#x1f447;&#x1f3ff;\" \/><\/span><\/span><span class=\"x19la9d6 x1fc57z9 x6ikm8r x10wlt62 x19co3pv x1g5zs5t xfibh0p xiy17q3 x1xsqp64 x1lkfr7t xexx8yu x4uap5 x18d9i69 xkhd6sd\"><span class=\"xrtxmta x1bhl96m\"><img decoding=\"async\" class=\"emoji\" role=\"img\" draggable=\"false\" src=\"https:\/\/s.w.org\/images\/core\/emoji\/14.0.0\/svg\/1f447-1f3ff.svg\" alt=\"&#x1f447;&#x1f3ff;\" \/><\/span><\/span><\/p>\n<p><a href=\"http:\/\/www.joanineditora.com.br\/57-contos-e-cronicas-por-um-autor-muito-velho\">http:\/\/www.joanineditora.com.br\/57-contos-e-cronicas-por-um-autor-muito-velho<\/a><\/p>\n","protected":false},"excerpt":{"rendered":"<p>Acabei de voltar da rua. Fui comprar meio quilo de cebola, um de tomate, al\u00e9m de algumas batatas. Demorei mais do que de costume, mas Arlete, minha esposa, parece que nem percebeu. Mesmo assim, puxei conversa, enquanto ela, sentada no sof\u00e1, mexia no jornal da semana anterior, talvez em busca de algo para abstra\u00ed-la dessa [&hellip;]<\/p>\n","protected":false},"author":2,"featured_media":338555,"comment_status":"closed","ping_status":"closed","sticky":false,"template":"","format":"standard","meta":{"_acf_changed":false,"footnotes":""},"categories":[161],"tags":[],"class_list":["post-338553","post","type-post","status-publish","format-standard","has-post-thumbnail","hentry","category-quadradinho-em-foco"],"acf":[],"_links":{"self":[{"href":"https:\/\/www.notibras.com\/site\/wp-json\/wp\/v2\/posts\/338553","targetHints":{"allow":["GET"]}}],"collection":[{"href":"https:\/\/www.notibras.com\/site\/wp-json\/wp\/v2\/posts"}],"about":[{"href":"https:\/\/www.notibras.com\/site\/wp-json\/wp\/v2\/types\/post"}],"author":[{"embeddable":true,"href":"https:\/\/www.notibras.com\/site\/wp-json\/wp\/v2\/users\/2"}],"replies":[{"embeddable":true,"href":"https:\/\/www.notibras.com\/site\/wp-json\/wp\/v2\/comments?post=338553"}],"version-history":[{"count":1,"href":"https:\/\/www.notibras.com\/site\/wp-json\/wp\/v2\/posts\/338553\/revisions"}],"predecessor-version":[{"id":338556,"href":"https:\/\/www.notibras.com\/site\/wp-json\/wp\/v2\/posts\/338553\/revisions\/338556"}],"wp:featuredmedia":[{"embeddable":true,"href":"https:\/\/www.notibras.com\/site\/wp-json\/wp\/v2\/media\/338555"}],"wp:attachment":[{"href":"https:\/\/www.notibras.com\/site\/wp-json\/wp\/v2\/media?parent=338553"}],"wp:term":[{"taxonomy":"category","embeddable":true,"href":"https:\/\/www.notibras.com\/site\/wp-json\/wp\/v2\/categories?post=338553"},{"taxonomy":"post_tag","embeddable":true,"href":"https:\/\/www.notibras.com\/site\/wp-json\/wp\/v2\/tags?post=338553"}],"curies":[{"name":"wp","href":"https:\/\/api.w.org\/{rel}","templated":true}]}}