{"id":338557,"date":"2024-10-13T08:38:04","date_gmt":"2024-10-13T11:38:04","guid":{"rendered":"https:\/\/www.notibras.com\/site\/?p=338557"},"modified":"2024-10-13T09:40:06","modified_gmt":"2024-10-13T12:40:06","slug":"ultima-parcela-do-iptu-comeca-a-vencer-nesta-segunda-feira-2","status":"publish","type":"post","link":"https:\/\/www.notibras.com\/site\/ultima-parcela-do-iptu-comeca-a-vencer-nesta-segunda-feira-2\/","title":{"rendered":"\u00daltima parcela do IPTU come\u00e7a a vencer nesta segunda-feira"},"content":{"rendered":"<p>A sexta e \u00faltima parcela do Imposto sobre a Propriedade Predial e Territorial Urbana (IPTU) come\u00e7a a vencer nesta segunda-feira (14) para os propriet\u00e1rios de im\u00f3veis que optaram pelo pagamento parcelado. Os prazos s\u00e3o definidos conforme o algarismo final (d\u00edgito verificador) da inscri\u00e7\u00e3o do im\u00f3vel no Cadastro Imobili\u00e1rio do Distrito Federal (CIDF). O vencimento desta segunda \u00e9 para as inscri\u00e7\u00f5es com finais 1 e 2. De ter\u00e7a (15) a sexta (18), devem ser quitadas as parcelas de inscri\u00e7\u00f5es com os finais 3 e 4, 5 e 6, 7 e 8 e 9, 0 e X, respectivamente.<\/p>\n<p>A Secretaria de Economia (Seec-DF) estima que mais de 956 mil im\u00f3veis devem ter o imposto recolhido neste ano, com arrecada\u00e7\u00e3o prevista na ordem de R$ 1,7 bilh\u00e3o, conforme o sistema de lan\u00e7amentos da pasta. No entanto, 158 mil im\u00f3veis ainda n\u00e3o efetuaram o pagamento de nenhuma das parcelas. At\u00e9 a quinta etapa do pagamento do tributo, o Executivo alcan\u00e7ou montante superior a R$ 1,1 bilh\u00e3o.<\/p>\n<p>A t\u00edtulo de compara\u00e7\u00e3o, a arrecada\u00e7\u00e3o das primeiras quatro parcelas do IPTU neste ano \u2013 ou seja, dos pagamentos realizados entre maio e agosto \u2013 chegou a R$ 1,05 bilh\u00e3o, enquanto no ano passado, no mesmo per\u00edodo, foi de R$ 968 milh\u00f5es. O subsecret\u00e1rio da Receita da Seec-DF, Anderson Borges Roepke, explica que, no comparativo, houve incremento de 9% na arrecada\u00e7\u00e3o do imposto.<\/p>\n<p>\u201cO crescimento da cidade \u00e9 um dos principais motivos para esta varia\u00e7\u00e3o, com a constru\u00e7\u00e3o e cria\u00e7\u00e3o de mais im\u00f3veis, e a valoriza\u00e7\u00e3o patrimonial, al\u00e9m da corre\u00e7\u00e3o na pauta de valores\u201d, esclarece.<\/p>\n<p>A multa e a atualiza\u00e7\u00e3o monet\u00e1ria para pagamentos em atraso variam de acordo com o tempo decorrido. Caso a parcela atrasada seja paga dentro do mesmo m\u00eas, por exemplo, a multa \u00e9 de 5%. Se for quitada no m\u00eas seguinte, menos de 30 dias do vencimento, incidir\u00e1 a corre\u00e7\u00e3o monet\u00e1ria, mais o juro de mora de 1% e multa de 5%. Superados 30 dias de atraso, o consumidor pagar\u00e1 o valor atualizado com a corre\u00e7\u00e3o monet\u00e1ria, mais juro de mora de 1% e multa de 10%.<\/p>\n<p>\u201cSe o contribuinte n\u00e3o regularizar o pagamento do IPTU neste ano, j\u00e1 em 1\u00ba de janeiro de 2025 pode ser inclu\u00eddo em d\u00edvida ativa\u201d, alerta a coordenadora de Tributos Diretos da Subsecretaria da Receita da Seec-DF, Luc\u00edlia Borges.<\/p>\n<p>O IPTU \u00e9 um imposto que cai na conta \u00fanica do GDF, em que a natureza tribut\u00e1ria n\u00e3o tem vincula\u00e7\u00e3o. Desta forma, os valores podem ser revertidos para diversos fins conforme a programa\u00e7\u00e3o or\u00e7ament\u00e1ria, como para os sal\u00e1rios dos servidores, obras de infraestrutura e recursos para a constru\u00e7\u00e3o de escolas, unidades de sa\u00fade e atua\u00e7\u00e3o das for\u00e7as de seguran\u00e7a.<\/p>\n<p><strong>Passo a passo<\/strong><br \/>\nO propriet\u00e1rio de im\u00f3vel que n\u00e3o recebeu o boleto para pagamento do IPTU pelos Correios deve acessar o portal de servi\u00e7os da Receita, para emitir o documento de arrecada\u00e7\u00e3o (DAR IPTU\/TLP). Outra op\u00e7\u00e3o \u00e9 baix\u00e1-lo por meio do aplicativo Economia DF e escolher a op\u00e7\u00e3o Im\u00f3veis.<\/p>\n<p>Para consultar a situa\u00e7\u00e3o fiscal, basta acessar a d\u00edvida ativa. No site tamb\u00e9m \u00e9 poss\u00edvel emitir o documento de arrecada\u00e7\u00e3o para quitar d\u00e9bitos vencidos. No atendimento virtual da Receita do DF h\u00e1 a possibilidade, ainda, de pedir o parcelamento do imposto dos anos anteriores.<\/p>\n<p>Os contribuintes que n\u00e3o disp\u00f5em de acesso aos meios eletr\u00f4nicos para emiss\u00e3o do boleto podem agendar atendimento presencial nos postos do Na Hora ou nas ag\u00eancias de atendimento da Receita do DF, pelo n\u00famero 156, op\u00e7\u00e3o 3, em liga\u00e7\u00e3o feita a partir de um n\u00famero fixo.<\/p>\n<p><strong>Atendimento presencial<\/strong><br \/>\n\u21d2 Para agendar o atendimento, o contribuinte poder\u00e1 acessar o Agenda DF. Hor\u00e1rio de funcionamento: segunda a sexta-feira (exceto feriados), das 12h30 \u00e0s 18h30<br \/>\n\u21d2 Telefone 156 \u2013 op\u00e7\u00e3o 3, segunda a sexta-feira (exceto feriados), das 7h \u00e0s 19h<br \/>\n\u21d2 0800 644 0156 (liga\u00e7\u00e3o de outros estados)<\/p>\n<p><strong>Endere\u00e7os das ag\u00eancias<\/strong><br \/>\n\u21d2 Plano Piloto: 701 Norte, Bloco D Loja 1<br \/>\n\u21d2 Ceil\u00e2ndia: CNN 1, Bloco B \u2013 Avenida H\u00e9lio Prates<br \/>\n\u21d2 Gama: Quadra 1, \u00c1rea Especial \u2013 Setor Central<br \/>\n\u21d2 Planaltina: SHD, Bloco C<br \/>\n\u21d2 SIA: SAPS Trecho 1, Lote H (pr\u00f3ximo \u00e0 Caesb) \u2013 EPTG<br \/>\n\u21d2 Taguatinga: CNA, \u00c1rea Especial s\/n\u00ba \u2013 Pra\u00e7a Santos Dumont.<\/p>\n","protected":false},"excerpt":{"rendered":"<p>A sexta e \u00faltima parcela do Imposto sobre a Propriedade Predial e Territorial Urbana (IPTU) come\u00e7a a vencer nesta segunda-feira (14) para os propriet\u00e1rios de im\u00f3veis que optaram pelo pagamento parcelado. Os prazos s\u00e3o definidos conforme o algarismo final (d\u00edgito verificador) da inscri\u00e7\u00e3o do im\u00f3vel no Cadastro Imobili\u00e1rio do Distrito Federal (CIDF). O vencimento desta [&hellip;]<\/p>\n","protected":false},"author":2,"featured_media":338558,"comment_status":"closed","ping_status":"closed","sticky":false,"template":"","format":"standard","meta":{"_acf_changed":false,"footnotes":""},"categories":[161],"tags":[],"class_list":["post-338557","post","type-post","status-publish","format-standard","has-post-thumbnail","hentry","category-quadradinho-em-foco"],"acf":[],"_links":{"self":[{"href":"https:\/\/www.notibras.com\/site\/wp-json\/wp\/v2\/posts\/338557","targetHints":{"allow":["GET"]}}],"collection":[{"href":"https:\/\/www.notibras.com\/site\/wp-json\/wp\/v2\/posts"}],"about":[{"href":"https:\/\/www.notibras.com\/site\/wp-json\/wp\/v2\/types\/post"}],"author":[{"embeddable":true,"href":"https:\/\/www.notibras.com\/site\/wp-json\/wp\/v2\/users\/2"}],"replies":[{"embeddable":true,"href":"https:\/\/www.notibras.com\/site\/wp-json\/wp\/v2\/comments?post=338557"}],"version-history":[{"count":1,"href":"https:\/\/www.notibras.com\/site\/wp-json\/wp\/v2\/posts\/338557\/revisions"}],"predecessor-version":[{"id":338559,"href":"https:\/\/www.notibras.com\/site\/wp-json\/wp\/v2\/posts\/338557\/revisions\/338559"}],"wp:featuredmedia":[{"embeddable":true,"href":"https:\/\/www.notibras.com\/site\/wp-json\/wp\/v2\/media\/338558"}],"wp:attachment":[{"href":"https:\/\/www.notibras.com\/site\/wp-json\/wp\/v2\/media?parent=338557"}],"wp:term":[{"taxonomy":"category","embeddable":true,"href":"https:\/\/www.notibras.com\/site\/wp-json\/wp\/v2\/categories?post=338557"},{"taxonomy":"post_tag","embeddable":true,"href":"https:\/\/www.notibras.com\/site\/wp-json\/wp\/v2\/tags?post=338557"}],"curies":[{"name":"wp","href":"https:\/\/api.w.org\/{rel}","templated":true}]}}