{"id":338560,"date":"2024-10-13T00:00:25","date_gmt":"2024-10-13T03:00:25","guid":{"rendered":"https:\/\/www.notibras.com\/site\/?p=338560"},"modified":"2024-10-13T09:46:47","modified_gmt":"2024-10-13T12:46:47","slug":"festa-de-nossa-senhora-aparecida-reune-multidao-na-esplanada","status":"publish","type":"post","link":"https:\/\/www.notibras.com\/site\/festa-de-nossa-senhora-aparecida-reune-multidao-na-esplanada\/","title":{"rendered":"Festa de Nossa Senhora Aparecida re\u00fane multid\u00e3o na Esplanada"},"content":{"rendered":"<p>As celebra\u00e7\u00f5es pelo Dia de Nossa Senhora Aparecida reuniram, ao longo deste s\u00e1bado (12), centenas de pessoas na Esplanada dos Minist\u00e9rios. Fi\u00e9is do Distrito Federal e Entorno se reuniram na \u00e1rea central da capital para celebrar a padroeira do Brasil e de Bras\u00edlia em festa iniciada \u00e0s 9h com a missa das crian\u00e7as \u2013 em alus\u00e3o \u00e0 data comemorativa dos pequenos \u2013 e que se estendeu at\u00e9 o fim da tarde, com a prociss\u00e3o luminosa comandada pelo cardeal Dom Paulo Cezar Costa.<\/p>\n<p>\u201c\u00c9 um evento que traz uma mensagem muito importante, que relembra \u00e0s nossas crian\u00e7as o momento de f\u00e9 tamb\u00e9m\u201d, afirmou a vice-governadora Celina Le\u00e3o, que participou da missa solene. \u201cSabemos que Bras\u00edlia \u00e9 uma capital de muita f\u00e9, onde as pessoas v\u00eam realmente para entregar o seu cora\u00e7\u00e3o para Jesus.\u201d<\/p>\n<p>Celina Le\u00e3o destacou tamb\u00e9m o trabalho do Governo do Distrito Federal (GDF) em prol das religi\u00f5es, garantindo a regulariza\u00e7\u00e3o de mais de 600 templos de diferentes cren\u00e7as na capital. \u201cSabemos que o pa\u00eds \u00e9 laico e as pessoas t\u00eam a possibilidade de escolher a sua f\u00e9, ent\u00e3o fazemos com muito orgulho a regulariza\u00e7\u00e3o dos templos religiosos, mostrando que a nossa capital tem liberdade para cultuar a sua f\u00e9\u201d, definiu.<\/p>\n<p>Grande encontro<br \/>\nRespons\u00e1vel por conduzir a solenidade final da festa, o arcebispo de Bras\u00edlia interrompeu a participa\u00e7\u00e3o no S\u00ednodo no Vaticano s\u00f3 para estar presente \u00e0 celebra\u00e7\u00e3o de Nossa Senhora na Esplanada dos Minist\u00e9rios, que j\u00e1 ocorre desde 1996. \u201cEssa festa j\u00e1 \u00e9 um encontro tradicional da nossa amada Arquidiocese de Bras\u00edlia, onde o povo vem para celebrarmos juntos a nossa m\u00e3e, Maria, que \u00e9 a padroeira do povo brasileiro\u201d, definiu o cardeal.<\/p>\n<p>H\u00e1 tr\u00eas anos, em todo 12 de outubro, o cerimoni\u00e1rio Emerson de Assis, 24, vem do Novo Gama, em Goi\u00e1s, at\u00e9 Bras\u00edlia para vivenciar a celebra\u00e7\u00e3o a Nossa Senhora Aparecida. \u201cSempre venho para poder estar rezando por ela\u201d, disse. \u201cAqui \u00e9 meu lugar, \u00e9 onde eu convivo e posso estar na casa da m\u00e3e. Venho por mim e pela minha fam\u00edlia\u201d.<\/p>\n<p>A freira e int\u00e9rprete de Libras Liliane Nascimento, 24, tamb\u00e9m participa todos os anos da festa da padroeira. Mais do que rezar pela santa, ela auxilia pessoas surdas e com baixa vis\u00e3o fazendo a interpreta\u00e7\u00e3o na L\u00edngua Brasileira dos Sinais. \u201cVenho com os nossos fi\u00e9is do Instituto da Senhora do Brasil, porque \u00e9 sempre um evento muito importante\u201d, pontuou. \u201cO nosso objetivo \u00e9 estar ajudando na acessibilidade para que todos possam participar efetivamente da missa e de todos os momentos que acontecem aqui\u201d.<\/p>\n<p><strong>Prepara\u00e7\u00e3o e seguran\u00e7a<\/strong><br \/>\nDias antes da festa da padroeira, a regi\u00e3o central come\u00e7ou a ser preparada, com servi\u00e7os de zeladoria e manuten\u00e7\u00e3o na Catedral Metropolitana de Bras\u00edlia executados pelas equipes do GDF e a reativa\u00e7\u00e3o dos sinos \u2013 que, restaurados por meio de uma doa\u00e7\u00e3o do Escrit\u00f3rio de Taiwan no Brasil, voltaram a tocar ap\u00f3s seis anos.<\/p>\n<p>A Companhia Urbanizadora da Nova Capital (Novacap), em parceria com o GDF Presente, fez a limpeza dos vitrais e das est\u00e1tuas dos evangelistas, a lavagem do estacionamento e da parte da entrada da Catedral e a coleta de lixo em toda a \u00e1rea ao redor do monumento.<\/p>\n<p>\u201cN\u00f3s queremos que a nossa Catedral seja cada vez mais bonita\u201d, ressaltou o cardeal Dom Paulo Cezar Costa. \u201cN\u00f3s queremos que ela exer\u00e7a sua miss\u00e3o de monumento de f\u00e9, mas tamb\u00e9m de monumento hist\u00f3rico, onde todo turista possa contempl\u00e1-la e encontr\u00e1-la bem-cuidada.\u201d<\/p>\n<p>Durante a festa, o policiamento foi refor\u00e7ado para garantir a organiza\u00e7\u00e3o do evento e a seguran\u00e7a dos participantes. \u201cAs pessoas v\u00eam com senso mais humanizado e espiritualizado\u201d, observou a comandante-geral da Pol\u00edcia Militar do Distrito Federal (PMDF), coronel Ana Paula Habka. \u201c\u00c9 uma festa de tranquilidade, mas a corpora\u00e7\u00e3o est\u00e1 sempre em todos os eventos e n\u00e3o poderia deixar de estar aqui. Nossos policiais est\u00e3o todos a\u00ed para ajudar e colaborar\u201d.<\/p>\n<p><strong>Convite ao papa Francisco<\/strong><br \/>\nNa celebra\u00e7\u00e3o de Nossa Senhora Aparecida, o cardeal Dom Paulo Cezar e a vice-governadora Celina Le\u00e3o anunciaram o convite que foi feito pela Arquidiocese de Bras\u00edlia e pelo GDF para que o papa Francisco participe das comemora\u00e7\u00f5es dos 60 anos da capital federal, em 2025.<\/p>\n<p>O arcebispo disse que as cartas foram entregues durante sua passagem pelo Vaticano. J\u00e1 a vice-governadora explicou que o governador Ibaneis Rocha tamb\u00e9m pretende levar o convite em m\u00e3o ao principal representante da Igreja Cat\u00f3lica. \u201cFicamos na expectativa de que ele venha mesmo atendendo um pedido n\u00e3o s\u00f3 de Bras\u00edlia, mas de todo o Brasil\u201d, comentou Celina Le\u00e3o.<\/p>\n","protected":false},"excerpt":{"rendered":"<p>As celebra\u00e7\u00f5es pelo Dia de Nossa Senhora Aparecida reuniram, ao longo deste s\u00e1bado (12), centenas de pessoas na Esplanada dos Minist\u00e9rios. Fi\u00e9is do Distrito Federal e Entorno se reuniram na \u00e1rea central da capital para celebrar a padroeira do Brasil e de Bras\u00edlia em festa iniciada \u00e0s 9h com a missa das crian\u00e7as \u2013 em [&hellip;]<\/p>\n","protected":false},"author":2,"featured_media":338561,"comment_status":"closed","ping_status":"closed","sticky":false,"template":"","format":"standard","meta":{"_acf_changed":false,"footnotes":""},"categories":[161],"tags":[],"class_list":["post-338560","post","type-post","status-publish","format-standard","has-post-thumbnail","hentry","category-quadradinho-em-foco"],"acf":[],"_links":{"self":[{"href":"https:\/\/www.notibras.com\/site\/wp-json\/wp\/v2\/posts\/338560","targetHints":{"allow":["GET"]}}],"collection":[{"href":"https:\/\/www.notibras.com\/site\/wp-json\/wp\/v2\/posts"}],"about":[{"href":"https:\/\/www.notibras.com\/site\/wp-json\/wp\/v2\/types\/post"}],"author":[{"embeddable":true,"href":"https:\/\/www.notibras.com\/site\/wp-json\/wp\/v2\/users\/2"}],"replies":[{"embeddable":true,"href":"https:\/\/www.notibras.com\/site\/wp-json\/wp\/v2\/comments?post=338560"}],"version-history":[{"count":1,"href":"https:\/\/www.notibras.com\/site\/wp-json\/wp\/v2\/posts\/338560\/revisions"}],"predecessor-version":[{"id":338562,"href":"https:\/\/www.notibras.com\/site\/wp-json\/wp\/v2\/posts\/338560\/revisions\/338562"}],"wp:featuredmedia":[{"embeddable":true,"href":"https:\/\/www.notibras.com\/site\/wp-json\/wp\/v2\/media\/338561"}],"wp:attachment":[{"href":"https:\/\/www.notibras.com\/site\/wp-json\/wp\/v2\/media?parent=338560"}],"wp:term":[{"taxonomy":"category","embeddable":true,"href":"https:\/\/www.notibras.com\/site\/wp-json\/wp\/v2\/categories?post=338560"},{"taxonomy":"post_tag","embeddable":true,"href":"https:\/\/www.notibras.com\/site\/wp-json\/wp\/v2\/tags?post=338560"}],"curies":[{"name":"wp","href":"https:\/\/api.w.org\/{rel}","templated":true}]}}