{"id":338563,"date":"2024-10-13T00:51:35","date_gmt":"2024-10-13T03:51:35","guid":{"rendered":"https:\/\/www.notibras.com\/site\/?p=338563"},"modified":"2024-10-13T09:53:14","modified_gmt":"2024-10-13T12:53:14","slug":"asfalto-chega-trazendo-dignidade-inclusao-e-acessibilidade-a-moradores","status":"publish","type":"post","link":"https:\/\/www.notibras.com\/site\/asfalto-chega-trazendo-dignidade-inclusao-e-acessibilidade-a-moradores\/","title":{"rendered":"Asfalto chega trazendo dignidade, inclus\u00e3o e acessibilidade a moradores"},"content":{"rendered":"<p>\u00c0 primeira vista, o asfalto pode at\u00e9 parecer um detalhe no cotidiano urbano, algo t\u00e3o trivial que n\u00e3o chama a aten\u00e7\u00e3o nem mesmo de quem o percorre diariamente, apressado, em meio \u00e0 rotina. Por\u00e9m, para Alessandra Morais de Andrade, moradora do Sol Nascente h\u00e1 14 anos, essa simples melhoria na infraestrutura tem um significado enorme: \u00e9 sin\u00f4nimo de acessibilidade, dignidade e liberdade especialmente para o seu filho Felipe, de 24 anos, que tem paralisia cerebral.<\/p>\n<p>Residente da Ch\u00e1cara 142 A, a vigilante de 41 anos, ao ver a rua onde mora com a fam\u00edlia pavimentada, n\u00e3o conteve a emo\u00e7\u00e3o e registrou em v\u00eddeo a felicidade de quem, pela primeira vez, p\u00f4de empurrar sem dificuldades a cadeira de rodas que o jovem usa diariamente para se locomover e acessar servi\u00e7os b\u00e1sicos, como sa\u00fade e educa\u00e7\u00e3o.<\/p>\n<p>\u201cAqui, n\u00e3o tinha como ele chegar na esquina; era imposs\u00edvel por conta dos buracos e j\u00e1 aconteceu at\u00e9 mesmo de ele cair, porque a cadeira acabou virando\u201d, lembra. \u201cA chegada do asfalto foi um verdadeiro divisor de \u00e1guas para a gente. H\u00e1 muitos anos que a gente vinha pedindo por essa infraestrutura b\u00e1sica, que s\u00f3 veio gra\u00e7as a este Governo do Distrito Federal (GDF)\u201d, completa.<\/p>\n<p>Para garantir que Felipe continuasse a frequentar o Centro de Ensino Especial 01, em Ceil\u00e2ndia, foi preciso contar com a solidariedade do motorista do \u00f4nibus escolar Gabriel Lins e da monitora Brenda Campos. Eles se desdobravam para buscar o jovem na porta de casa. \u201cMesmo assim, tinha dias em que eles n\u00e3o podiam descer do \u00f4nibus para busc\u00e1-lo e meu filho n\u00e3o ia \u00e0 aula. Eu sentia que sem o asfalto meu filho ficava ilhado\u201d, conta Alessandra.<\/p>\n<p>Uma realidade que, segundo a m\u00e3e, o filho n\u00e3o precisar\u00e1 viver novamente. \u201cUm asfalto muda a realidade de uma pessoa. \u00c9 uma infraestrutura b\u00e1sica e, por mais que para boa parte da sociedade pare\u00e7a bobagem, para quem vive uma realidade como a nossa \u00e9 outra vida. Isso sem falar nos dias em que passamos aperto por conta da poeira e da lama, que entravam na nossa casa\u201d.<\/p>\n<p><strong>Dignidade<\/strong><br \/>\nHist\u00f3rias como a de Alessandra e vizinhos encontram eco entre os mais de 95 mil moradores do Sol Nascente\/P\u00f4r do Sol, uma cidade que abandonou, com este Governo do Distrito Federal (GDF), o r\u00f3tulo de \u201cmaior favela do pa\u00eds\u201d para se tornar uma regi\u00e3o administrativa.<\/p>\n<p>\u201cDesde que o governador Ibaneis Rocha criou a 32\u00aa RA do DF, o Sol Nascente vem passando por grandes transforma\u00e7\u00f5es, principalmente em rela\u00e7\u00e3o \u00e0s obras de infraestrutura. Essas melhorias fortalecem o sentido de comunidade e cidadania entre os moradores do Sol Nascente\u201d, destaca o administrador regional da cidade, Cl\u00e1udio Ferreira.<\/p>\n<p>A mudan\u00e7a do status veio acompanhada de um investimento significativo em obras de saneamento b\u00e1sico, \u00e1gua, luz e equipamentos p\u00fablicos. Desde 2019, o Executivo j\u00e1 investiu mais de R$ 630 milh\u00f5es em obras de infraestrutura na cidade, incluindo a pavimenta\u00e7\u00e3o de ruas e avenidas.<\/p>\n<p>\u201cA chegada do asfalto \u00e9 mais do que uma obra de infraestrutura. \u00c9 a realiza\u00e7\u00e3o de um sonho para quem vive aqui, enfrentando desafios di\u00e1rios por falta de pavimenta\u00e7\u00e3o\u201d, enfatiza o secret\u00e1rio de Obras e Infraestrutura do DF, Valter Casimiro. \u201cCada metro de pavimento que colocamos n\u00e3o \u00e9 apenas um asfalto ou piso intertravado, \u00e9 dignidade, conforto e qualidade de vida para as pessoas que mais precisam. Nosso compromisso \u00e9 fazer com que essa transforma\u00e7\u00e3o chegue a todas as fam\u00edlias, levando esperan\u00e7a e melhores condi\u00e7\u00f5es de vida a toda a comunidade\u201d, prossegue o titular da pasta.<\/p>\n<p><strong>Obras<\/strong><br \/>\nMais do que pavimentar ruas, o GDF trabalha para mudar a vida de quem mora na cidade. Um dos pontos cr\u00edticos enfrentados pelo governo \u00e9 o recorrente problema de enxurradas e alagamentos que assolam a regi\u00e3o nos per\u00edodos de chuva.<\/p>\n<p>Para deixar essa realidade no passado, equipes da Secretaria de Obras e Infraestrutura do DF trabalham na instala\u00e7\u00e3o de uma extensa e moderna rede de drenagem de \u00e1guas pluviais composta por bacias de reten\u00e7\u00e3o e galerias feitas com aduelas de concreto de 6,76 m\u00b2 de \u00e1rea, cada uma.<\/p>\n<p>No \u00e2mbito do saneamento b\u00e1sico, s\u00e3o investidos mais de R$ 60 milh\u00f5es para ampliar o acesso dos moradores \u00e0 \u00e1gua pot\u00e1vel e esgoto tratado.<\/p>\n<p>J\u00e1 s\u00e3o mais de 90 mil pessoas atendidas pela nova rede de esgotamento e 95% dos lares com redes de abastecimento de \u00e1gua. Al\u00e9m disso, 26 mil im\u00f3veis t\u00eam liga\u00e7\u00f5es de \u00e1gua regulares, e 20 mil, liga\u00e7\u00f5es de esgoto legais.<\/p>\n<p>Esse marco s\u00f3 foi alcan\u00e7ado com a constru\u00e7\u00e3o de 259 km de rede de esgoto e 177 km de rede de \u00e1gua nos tr\u00eas trechos da cidade. Essa extens\u00e3o de rede equivale ao percurso entre Bras\u00edlia e Goi\u00e2nia. Toda essa infraestrutura est\u00e1 integrada a seis esta\u00e7\u00f5es elevat\u00f3rias de esgoto bruto (EEBs) constru\u00eddas na regi\u00e3o administrativa.<\/p>\n","protected":false},"excerpt":{"rendered":"<p>\u00c0 primeira vista, o asfalto pode at\u00e9 parecer um detalhe no cotidiano urbano, algo t\u00e3o trivial que n\u00e3o chama a aten\u00e7\u00e3o nem mesmo de quem o percorre diariamente, apressado, em meio \u00e0 rotina. Por\u00e9m, para Alessandra Morais de Andrade, moradora do Sol Nascente h\u00e1 14 anos, essa simples melhoria na infraestrutura tem um significado enorme: [&hellip;]<\/p>\n","protected":false},"author":2,"featured_media":338564,"comment_status":"closed","ping_status":"closed","sticky":false,"template":"","format":"standard","meta":{"_acf_changed":false,"footnotes":""},"categories":[161],"tags":[],"class_list":["post-338563","post","type-post","status-publish","format-standard","has-post-thumbnail","hentry","category-quadradinho-em-foco"],"acf":[],"_links":{"self":[{"href":"https:\/\/www.notibras.com\/site\/wp-json\/wp\/v2\/posts\/338563","targetHints":{"allow":["GET"]}}],"collection":[{"href":"https:\/\/www.notibras.com\/site\/wp-json\/wp\/v2\/posts"}],"about":[{"href":"https:\/\/www.notibras.com\/site\/wp-json\/wp\/v2\/types\/post"}],"author":[{"embeddable":true,"href":"https:\/\/www.notibras.com\/site\/wp-json\/wp\/v2\/users\/2"}],"replies":[{"embeddable":true,"href":"https:\/\/www.notibras.com\/site\/wp-json\/wp\/v2\/comments?post=338563"}],"version-history":[{"count":1,"href":"https:\/\/www.notibras.com\/site\/wp-json\/wp\/v2\/posts\/338563\/revisions"}],"predecessor-version":[{"id":338565,"href":"https:\/\/www.notibras.com\/site\/wp-json\/wp\/v2\/posts\/338563\/revisions\/338565"}],"wp:featuredmedia":[{"embeddable":true,"href":"https:\/\/www.notibras.com\/site\/wp-json\/wp\/v2\/media\/338564"}],"wp:attachment":[{"href":"https:\/\/www.notibras.com\/site\/wp-json\/wp\/v2\/media?parent=338563"}],"wp:term":[{"taxonomy":"category","embeddable":true,"href":"https:\/\/www.notibras.com\/site\/wp-json\/wp\/v2\/categories?post=338563"},{"taxonomy":"post_tag","embeddable":true,"href":"https:\/\/www.notibras.com\/site\/wp-json\/wp\/v2\/tags?post=338563"}],"curies":[{"name":"wp","href":"https:\/\/api.w.org\/{rel}","templated":true}]}}