{"id":338566,"date":"2024-10-13T00:00:03","date_gmt":"2024-10-13T03:00:03","guid":{"rendered":"https:\/\/www.notibras.com\/site\/?p=338566"},"modified":"2024-10-13T10:10:46","modified_gmt":"2024-10-13T13:10:46","slug":"um-marco-de-tres-geracoes-completa-55-anos-sempre-jovem","status":"publish","type":"post","link":"https:\/\/www.notibras.com\/site\/um-marco-de-tres-geracoes-completa-55-anos-sempre-jovem\/","title":{"rendered":"Um marco de tr\u00eas gera\u00e7\u00f5es completa 55 anos sempre jovem"},"content":{"rendered":"<p>Em 1969, ano em que o homem pisou na Lua pela primeira vez, um foguete aterrissou no cora\u00e7\u00e3o do Plano Piloto. Uma pequena constru\u00e7\u00e3o \u2014 de 10 metros de altura \u2014, mas um gigantesco marco na hist\u00f3ria da capital federal. Nascia ali o, hoje, Parque Ana L\u00eddia.<\/p>\n<p>O espa\u00e7o, que completa 55 anos, abriu suas portas em 12 de outubro, em pleno Dia das Crian\u00e7as. Um dos primeiros equipamentos p\u00fablicos do tipo, foi um presente aos pequenos que habitavam a nova capital \u2014 que nem sequer havia completado sua primeira d\u00e9cada. O local \u00e9 mais antigo, inclusive, que o pr\u00f3prio Parque da Cidade, que s\u00f3 viria a ser inaugurado nove anos depois, em 11 de outubro de 1978.<\/p>\n<p>\u00c0 \u00e9poca da cria\u00e7\u00e3o, o parque recebeu o nome de Iolanda Costa e Silva, esposa do general Arthur Costa e Silva, presidente do pa\u00eds at\u00e9 agosto daquele ano \u2014 e que viria a morrer em dezembro. Depois, foi renomeado em homenagem \u00e0 crian\u00e7a v\u00edtima de um crime brutal, at\u00e9 hoje n\u00e3o solucionado.<\/p>\n<p>Mas o nome que pegou mesmo foi o de sua principal atra\u00e7\u00e3o. \u201cA gente sempre chamou ele de \u2018Parque do Foguet\u00e3o\u2019\u201d, conta o professor Agnaldo Cuoco. Nascido em 1966, ele curtiu bons momentos da inf\u00e2ncia no local. Adulto, continuou voltando ao Ana L\u00eddia para levar os filhos e, posteriormente, os netos: \u201cEle tem muita import\u00e2ncia simb\u00f3lica para Bras\u00edlia. Eu acho que \u00e9 um lugar muito especial, muito a cara da gente que nasceu aqui, que teve o privil\u00e9gio de poder brincar nessa areia, subindo nesse foguet\u00e3o. Esses brinquedos s\u00e3o quase todos os mesmos de quando eu era crian\u00e7a. N\u00e3o mudou absolutamente nada do meu tempo de inf\u00e2ncia. Isso \u00e9 muito legal\u201d.<\/p>\n<p>Os brinquedos, de fato, s\u00e3o os mesmos. Eles, ali\u00e1s, s\u00e3o divididos em tr\u00eas \u00e1reas, sendo uma mais alusiva a conto de fadas \u2014 com carruagem de ab\u00f3bora e animais gigantes \u2014, outra remetendo ao Velho Oeste e a \u00faltima futurista, onde est\u00e1 o foguete. Mas, para manter a ideia de que nada mudou, \u00e9 preciso muito trabalho. Recentemente, foi feita a reforma dos banheiros. Brinquedos e areia tamb\u00e9m passam por manuten\u00e7\u00e3o constante. Al\u00e9m disso, houve a instala\u00e7\u00e3o de ilumina\u00e7\u00e3o de LED, em 23 postes, e a troca da ilumina\u00e7\u00e3o no corredor central, conhecido como Minhoc\u00e3o.<\/p>\n<p>\u201cA gente faz aquela pergunta sempre: \u2018Quem nunca subiu no foguetinho? Quem nunca teve uma hist\u00f3ria, algum momento, a marca\u00e7\u00e3o de um encontro ou um fato que aconteceu exatamente naquelas areias?\u2019. Ent\u00e3o, a gente fica muito feliz em ter o Parque Ana L\u00eddia hoje aqui no Parque da Cidade e saber que \u00e9 uma refer\u00eancia na mem\u00f3ria afetiva do brasiliense. A gente est\u00e1 muito contente e preparando, cada vez mais, para que fique um parque agrad\u00e1vel, que seja um parque que possa receber todas as classes sociais, enfim, que as pessoas possam se divertir e ter boas mem\u00f3rias\u201d, pontua o administrador do Parque da Cidade, Todi Moreno.<\/p>\n<p>\u201cO Parque Ana L\u00eddia \u00e9 um verdadeiro s\u00edmbolo de lazer e bem-estar para as fam\u00edlias brasilienses. Ele n\u00e3o apenas proporciona um ambiente saud\u00e1vel e agrad\u00e1vel, mas tamb\u00e9m faz parte da mem\u00f3ria afetiva de muitos adultos, que agora levam seus filhos para aproveitar esse espa\u00e7o l\u00fadico. \u00c9 um lugar onde as gera\u00e7\u00f5es se encontram, criam la\u00e7os e revivem experi\u00eancias. Al\u00e9m disso, todos os investimentos que v\u00eam sendo realizados no parque t\u00eam sido fundamentais para a sua valoriza\u00e7\u00e3o e melhoria cont\u00ednua. Essas a\u00e7\u00f5es visam garantir que o local permane\u00e7a como um espa\u00e7o acess\u00edvel e acolhedor para todos, promovendo o conv\u00edvio social entre os brasilienses\u201d, complementa o secret\u00e1rio de Esporte e Lazer, Renato Junqueira.<\/p>\n<p>Moreno ainda projeta servi\u00e7os futuros no parque. Ele afirma que h\u00e1 conversas com a Secretaria de Esporte e Lazer (SEL-DF) para a reabertura da lanchonete do local. Tamb\u00e9m cita a instala\u00e7\u00e3o de novos brinquedos \u2014 alguns inclusivos para pessoas com defici\u00eancia \u2014, mas sem jamais esquecer os antigos: \u201cA gente n\u00e3o pode, de forma alguma, deixar de cuidar desses brinquedos, que j\u00e1 fazem parte da hist\u00f3ria do brasiliense\u201d.<\/p>\n<p>O respeito \u00e0 hist\u00f3ria \u00e9 fundamental para que o local continue chegando a mais gera\u00e7\u00f5es. A enfermeira Silvana Dias, por exemplo, tem o Ana L\u00eddia em suas lembran\u00e7as de inf\u00e2ncia. \u201cQuando era pequenininha, vinha muito aqui. Meu pai sempre trouxe a gente, minha m\u00e3e, minhas irm\u00e3s, todos n\u00f3s temos fotos\u201d, relata. Agora, ela quer criar mem\u00f3rias com a filha, Sarah: \u201cHoje a gente veio com ela, com oito meses, para ela conhecer esse parque que tem hist\u00f3ria j\u00e1. O foguete \u00e9 um cl\u00e1ssico. O meu pai subia com a gente, e agora o pai dela est\u00e1 subindo com ela\u201d.<\/p>\n","protected":false},"excerpt":{"rendered":"<p>Em 1969, ano em que o homem pisou na Lua pela primeira vez, um foguete aterrissou no cora\u00e7\u00e3o do Plano Piloto. Uma pequena constru\u00e7\u00e3o \u2014 de 10 metros de altura \u2014, mas um gigantesco marco na hist\u00f3ria da capital federal. Nascia ali o, hoje, Parque Ana L\u00eddia. O espa\u00e7o, que completa 55 anos, abriu suas [&hellip;]<\/p>\n","protected":false},"author":2,"featured_media":338567,"comment_status":"closed","ping_status":"closed","sticky":false,"template":"","format":"standard","meta":{"_acf_changed":false,"footnotes":""},"categories":[161],"tags":[],"class_list":["post-338566","post","type-post","status-publish","format-standard","has-post-thumbnail","hentry","category-quadradinho-em-foco"],"acf":[],"_links":{"self":[{"href":"https:\/\/www.notibras.com\/site\/wp-json\/wp\/v2\/posts\/338566","targetHints":{"allow":["GET"]}}],"collection":[{"href":"https:\/\/www.notibras.com\/site\/wp-json\/wp\/v2\/posts"}],"about":[{"href":"https:\/\/www.notibras.com\/site\/wp-json\/wp\/v2\/types\/post"}],"author":[{"embeddable":true,"href":"https:\/\/www.notibras.com\/site\/wp-json\/wp\/v2\/users\/2"}],"replies":[{"embeddable":true,"href":"https:\/\/www.notibras.com\/site\/wp-json\/wp\/v2\/comments?post=338566"}],"version-history":[{"count":1,"href":"https:\/\/www.notibras.com\/site\/wp-json\/wp\/v2\/posts\/338566\/revisions"}],"predecessor-version":[{"id":338568,"href":"https:\/\/www.notibras.com\/site\/wp-json\/wp\/v2\/posts\/338566\/revisions\/338568"}],"wp:featuredmedia":[{"embeddable":true,"href":"https:\/\/www.notibras.com\/site\/wp-json\/wp\/v2\/media\/338567"}],"wp:attachment":[{"href":"https:\/\/www.notibras.com\/site\/wp-json\/wp\/v2\/media?parent=338566"}],"wp:term":[{"taxonomy":"category","embeddable":true,"href":"https:\/\/www.notibras.com\/site\/wp-json\/wp\/v2\/categories?post=338566"},{"taxonomy":"post_tag","embeddable":true,"href":"https:\/\/www.notibras.com\/site\/wp-json\/wp\/v2\/tags?post=338566"}],"curies":[{"name":"wp","href":"https:\/\/api.w.org\/{rel}","templated":true}]}}