{"id":338572,"date":"2024-10-13T12:10:59","date_gmt":"2024-10-13T15:10:59","guid":{"rendered":"https:\/\/www.notibras.com\/site\/?p=338572"},"modified":"2024-10-13T12:53:01","modified_gmt":"2024-10-13T15:53:01","slug":"bandolim-de-angelo-e-voz-de-jr-lembram-que-naquela-mesa-esta-faltando-ele","status":"publish","type":"post","link":"https:\/\/www.notibras.com\/site\/bandolim-de-angelo-e-voz-de-jr-lembram-que-naquela-mesa-esta-faltando-ele\/","title":{"rendered":"Bandolim de \u00c2ngelo e voz de Jr lembram que &#8216;naquela mesa est\u00e1 faltando ele&#8230;&#8217;"},"content":{"rendered":"<p>As ondas lambiam a areia fina, enquanto a Lua, em sua fase crescente, refletia todo o seu esplendor sobre o mar tranquilo. Foi na noite c\u00e1lida da sexta-feira, 11, quando um grupo de amigos, j\u00e1 entrela\u00e7ados por uma amizade antiga e inquebrant\u00e1vel, reuniu-se ao redor de uma pequena churrasqueira movida a carv\u00e3o. Aromas misturavam-se ao som suave do bandolim de \u00c2ngelo, que aos poucos preenchia o ambiente com uma melodia conhecida de todos, entoada pela voz do sogro Jr.<\/p>\n<p>Era como se o tempo tivesse parado. Cada acorde trazia \u00e0 tona lembran\u00e7as de ver\u00f5es passados, de risos juvenis e amores de Carnaval, daqueles que ficam gravados no peito. O ar, \u00famido e perfumado, era carregado de mem\u00f3rias e promessas de eternidade. Os amigos, j\u00e1 n\u00e3o t\u00e3o mo\u00e7os, mas com o cora\u00e7\u00e3o sempre jovem, come\u00e7aram a cantarolar can\u00e7\u00f5es que haviam marcado suas hist\u00f3rias.<\/p>\n<p>A m\u00fasica n\u00e3o era apenas uma trilha sonora para aquela noite; fazia, sim, a ponte que os conectava a momentos h\u00e1 muito v\u00edvidos, mas jamais esquecidos. Entre uma can\u00e7\u00e3o e outra, surgiam conversas sobre os tempos de escola, as aventuras de quando o mundo parecia menor&#8230; e a vida, eterna. Risos ecoavam, junto com olhares c\u00famplices que diziam mais do que palavras jamais poderiam.<\/p>\n<p>Nessa noite o tempo era irrelevante. Apenas o presente, pontuado pelo passado, existia. A nostalgia n\u00e3o era um peso, mas um aconchego, uma certeza de que, mesmo com o passar dos anos, algumas coisas permanecem inalteradas. A amizade, o amor pelas coisas simples da vida e a beleza de uma noite \u00e0 beira-mar.<\/p>\n<p>Enquanto as estrelas iluminavam o c\u00e9u, um \u00faltimo acorde ressoou, e o sil\u00eancio tomou conta do grupo por alguns segundos. N\u00e3o era o fim de um evento qualquer, mas o in\u00edcio de mais uma lembran\u00e7a, que no futuro ser\u00e1 evocada com o mesmo carinho e saudade.<\/p>\n<p>Aquela noite, embalada pelo som do mar e pelo calor da churrasqueira, ficar\u00e1 eternamente gravada nas almas de cada um ali presente. E, como todas as noites antol\u00f3gicas, manter\u00e1 seu registro n\u00e3o pela quantidade de horas, mas pela intensidade com que foi vivida.<\/p>\n<p>N\u00eago, Fau, Rose, Mariana, Matheus, Larissa, Gabriel e at\u00e9 G\u00e9o &#8211; que deu uma escapada de sua toca &#8211; despediram-se com a promessa de novos encontros. Sobre uma cadeira, haver\u00e1, de novo, uma caneca gelada com o mais puro malte. Apenas para lembrar que &#8220;Naquela mesa est\u00e1 faltando ele, e a saudade dele, est\u00e1 doendo em mim&#8221;.<\/p>\n<p><strong>*Jos\u00e9 Seabra \u00e9 diretor da Sucursal Regional Nordeste de <em>Notibras<\/em><\/strong><\/p>\n<p>&nbsp;<\/p>\n","protected":false},"excerpt":{"rendered":"<p>As ondas lambiam a areia fina, enquanto a Lua, em sua fase crescente, refletia todo o seu esplendor sobre o mar tranquilo. Foi na noite c\u00e1lida da sexta-feira, 11, quando um grupo de amigos, j\u00e1 entrela\u00e7ados por uma amizade antiga e inquebrant\u00e1vel, reuniu-se ao redor de uma pequena churrasqueira movida a carv\u00e3o. Aromas misturavam-se ao [&hellip;]<\/p>\n","protected":false},"author":2,"featured_media":338573,"comment_status":"closed","ping_status":"closed","sticky":false,"template":"","format":"standard","meta":{"_acf_changed":false,"footnotes":""},"categories":[165],"tags":[],"class_list":["post-338572","post","type-post","status-publish","format-standard","has-post-thumbnail","hentry","category-nordeste"],"acf":[],"_links":{"self":[{"href":"https:\/\/www.notibras.com\/site\/wp-json\/wp\/v2\/posts\/338572","targetHints":{"allow":["GET"]}}],"collection":[{"href":"https:\/\/www.notibras.com\/site\/wp-json\/wp\/v2\/posts"}],"about":[{"href":"https:\/\/www.notibras.com\/site\/wp-json\/wp\/v2\/types\/post"}],"author":[{"embeddable":true,"href":"https:\/\/www.notibras.com\/site\/wp-json\/wp\/v2\/users\/2"}],"replies":[{"embeddable":true,"href":"https:\/\/www.notibras.com\/site\/wp-json\/wp\/v2\/comments?post=338572"}],"version-history":[{"count":4,"href":"https:\/\/www.notibras.com\/site\/wp-json\/wp\/v2\/posts\/338572\/revisions"}],"predecessor-version":[{"id":338577,"href":"https:\/\/www.notibras.com\/site\/wp-json\/wp\/v2\/posts\/338572\/revisions\/338577"}],"wp:featuredmedia":[{"embeddable":true,"href":"https:\/\/www.notibras.com\/site\/wp-json\/wp\/v2\/media\/338573"}],"wp:attachment":[{"href":"https:\/\/www.notibras.com\/site\/wp-json\/wp\/v2\/media?parent=338572"}],"wp:term":[{"taxonomy":"category","embeddable":true,"href":"https:\/\/www.notibras.com\/site\/wp-json\/wp\/v2\/categories?post=338572"},{"taxonomy":"post_tag","embeddable":true,"href":"https:\/\/www.notibras.com\/site\/wp-json\/wp\/v2\/tags?post=338572"}],"curies":[{"name":"wp","href":"https:\/\/api.w.org\/{rel}","templated":true}]}}