{"id":338636,"date":"2024-10-14T00:40:23","date_gmt":"2024-10-14T03:40:23","guid":{"rendered":"https:\/\/www.notibras.com\/site\/?p=338636"},"modified":"2024-10-14T08:43:33","modified_gmt":"2024-10-14T11:43:33","slug":"promotor-de-festas-e-morto-na-festa-que-programou","status":"publish","type":"post","link":"https:\/\/www.notibras.com\/site\/promotor-de-festas-e-morto-na-festa-que-programou\/","title":{"rendered":"Promotor de festas \u00e9 morto na festa que programou"},"content":{"rendered":"<p>Um produtor de eventos foi morto a tiros na tarde de domingo, 13 de outubro, em Salvador, na Avenida Beira Mar, no bairro da Ribeira.<\/p>\n<p>A v\u00edtima foi identificada como Jo\u00e3o Vitor Silva de Matos, de 30 anos, um dos organizadores da festa &#8220;Roda de Samba do Virote&#8221;.<\/p>\n<p>Segundo a Pol\u00edcia Civil, Jo\u00e3o Vitor havia sa\u00eddo do evento para atender a uma liga\u00e7\u00e3o quando foi alvejado por dispar<\/p>\n<p>Apesar de ter sido socorrido e levado ao Hospital Geral Ernesto Sim\u00f5es (HGES), ele n\u00e3o resistiu aos ferimentos e faleceu. Testemunhas afirmam que o crime ocorreu em frente ao local onde a festa aconteceu.<\/p>\n<p>A pol\u00edcia investiga a acusa\u00e7\u00e3o do assassinato, mas, at\u00e9 o momento, n\u00e3o h\u00e1 informa\u00e7\u00f5es sobre a motiva\u00e7\u00e3o ou os autores do crime.<\/p>\n","protected":false},"excerpt":{"rendered":"<p>Um produtor de eventos foi morto a tiros na tarde de domingo, 13 de outubro, em Salvador, na Avenida Beira Mar, no bairro da Ribeira. A v\u00edtima foi identificada como Jo\u00e3o Vitor Silva de Matos, de 30 anos, um dos organizadores da festa &#8220;Roda de Samba do Virote&#8221;. Segundo a Pol\u00edcia Civil, Jo\u00e3o Vitor havia [&hellip;]<\/p>\n","protected":false},"author":2,"featured_media":338637,"comment_status":"closed","ping_status":"closed","sticky":false,"template":"","format":"standard","meta":{"_acf_changed":false,"footnotes":""},"categories":[165],"tags":[],"class_list":["post-338636","post","type-post","status-publish","format-standard","has-post-thumbnail","hentry","category-nordeste"],"acf":[],"_links":{"self":[{"href":"https:\/\/www.notibras.com\/site\/wp-json\/wp\/v2\/posts\/338636","targetHints":{"allow":["GET"]}}],"collection":[{"href":"https:\/\/www.notibras.com\/site\/wp-json\/wp\/v2\/posts"}],"about":[{"href":"https:\/\/www.notibras.com\/site\/wp-json\/wp\/v2\/types\/post"}],"author":[{"embeddable":true,"href":"https:\/\/www.notibras.com\/site\/wp-json\/wp\/v2\/users\/2"}],"replies":[{"embeddable":true,"href":"https:\/\/www.notibras.com\/site\/wp-json\/wp\/v2\/comments?post=338636"}],"version-history":[{"count":1,"href":"https:\/\/www.notibras.com\/site\/wp-json\/wp\/v2\/posts\/338636\/revisions"}],"predecessor-version":[{"id":338638,"href":"https:\/\/www.notibras.com\/site\/wp-json\/wp\/v2\/posts\/338636\/revisions\/338638"}],"wp:featuredmedia":[{"embeddable":true,"href":"https:\/\/www.notibras.com\/site\/wp-json\/wp\/v2\/media\/338637"}],"wp:attachment":[{"href":"https:\/\/www.notibras.com\/site\/wp-json\/wp\/v2\/media?parent=338636"}],"wp:term":[{"taxonomy":"category","embeddable":true,"href":"https:\/\/www.notibras.com\/site\/wp-json\/wp\/v2\/categories?post=338636"},{"taxonomy":"post_tag","embeddable":true,"href":"https:\/\/www.notibras.com\/site\/wp-json\/wp\/v2\/tags?post=338636"}],"curies":[{"name":"wp","href":"https:\/\/api.w.org\/{rel}","templated":true}]}}