{"id":338639,"date":"2024-10-14T00:01:08","date_gmt":"2024-10-14T03:01:08","guid":{"rendered":"https:\/\/www.notibras.com\/site\/?p=338639"},"modified":"2024-10-14T08:55:19","modified_gmt":"2024-10-14T11:55:19","slug":"pescador-escorrega-em-pedra-e-morre-na-praia-de-iracema","status":"publish","type":"post","link":"https:\/\/www.notibras.com\/site\/pescador-escorrega-em-pedra-e-morre-na-praia-de-iracema\/","title":{"rendered":"Pescador escorrega em pedra e morre na Praia de Iracema"},"content":{"rendered":"<p>Um pescador de 42 anos perdeu a vida ap\u00f3s escorregar em uma pedra e cair no mar, na Praia de Iracema, em Fortaleza, no domingo, 13. O incidente ocorreu no Espig\u00e3o da Rua Jo\u00e3o Cordeiro, uma \u00e1rea frequentemente utilizada por pescadores.<\/p>\n<p>De acordo com a Guarda Municipal de Fortaleza, o pescador foi resgatado rapidamente por dois salva-vidas, que aplicaram t\u00e9cnicas de primeiros socorros, mas ele n\u00e3o respondeu \u00e0s manobras de reanima\u00e7\u00e3o.<\/p>\n<p>Os salva-vidas entraram no mar imediatamente ap\u00f3s o acionamento para a ocorr\u00eancia de afogamento e conseguiram trazer o homem de volta \u00e0 praia.<\/p>\n<p>Contudo, segundo a nota da Guarda Municipal, o pescador j\u00e1 se encontrava em \u00f3bito quando foi resgatado, sem reagir aos procedimentos. O resgate contou com o apoio dos agentes da Bike Vida.<\/p>\n<p>O Servi\u00e7o de Atendimento M\u00f3vel de Urg\u00eancia (Samu) chegou ao local para confirmar o \u00f3bito, e o corpo foi encaminhado ao Instituto M\u00e9dico Legal (IML) para os procedimentos antes de ser liberado para sepultamento.<\/p>\n","protected":false},"excerpt":{"rendered":"<p>Um pescador de 42 anos perdeu a vida ap\u00f3s escorregar em uma pedra e cair no mar, na Praia de Iracema, em Fortaleza, no domingo, 13. O incidente ocorreu no Espig\u00e3o da Rua Jo\u00e3o Cordeiro, uma \u00e1rea frequentemente utilizada por pescadores. De acordo com a Guarda Municipal de Fortaleza, o pescador foi resgatado rapidamente por [&hellip;]<\/p>\n","protected":false},"author":2,"featured_media":338640,"comment_status":"closed","ping_status":"closed","sticky":false,"template":"","format":"standard","meta":{"_acf_changed":false,"footnotes":""},"categories":[165],"tags":[],"class_list":["post-338639","post","type-post","status-publish","format-standard","has-post-thumbnail","hentry","category-nordeste"],"acf":[],"_links":{"self":[{"href":"https:\/\/www.notibras.com\/site\/wp-json\/wp\/v2\/posts\/338639","targetHints":{"allow":["GET"]}}],"collection":[{"href":"https:\/\/www.notibras.com\/site\/wp-json\/wp\/v2\/posts"}],"about":[{"href":"https:\/\/www.notibras.com\/site\/wp-json\/wp\/v2\/types\/post"}],"author":[{"embeddable":true,"href":"https:\/\/www.notibras.com\/site\/wp-json\/wp\/v2\/users\/2"}],"replies":[{"embeddable":true,"href":"https:\/\/www.notibras.com\/site\/wp-json\/wp\/v2\/comments?post=338639"}],"version-history":[{"count":1,"href":"https:\/\/www.notibras.com\/site\/wp-json\/wp\/v2\/posts\/338639\/revisions"}],"predecessor-version":[{"id":338641,"href":"https:\/\/www.notibras.com\/site\/wp-json\/wp\/v2\/posts\/338639\/revisions\/338641"}],"wp:featuredmedia":[{"embeddable":true,"href":"https:\/\/www.notibras.com\/site\/wp-json\/wp\/v2\/media\/338640"}],"wp:attachment":[{"href":"https:\/\/www.notibras.com\/site\/wp-json\/wp\/v2\/media?parent=338639"}],"wp:term":[{"taxonomy":"category","embeddable":true,"href":"https:\/\/www.notibras.com\/site\/wp-json\/wp\/v2\/categories?post=338639"},{"taxonomy":"post_tag","embeddable":true,"href":"https:\/\/www.notibras.com\/site\/wp-json\/wp\/v2\/tags?post=338639"}],"curies":[{"name":"wp","href":"https:\/\/api.w.org\/{rel}","templated":true}]}}