{"id":338642,"date":"2024-10-14T00:04:54","date_gmt":"2024-10-14T03:04:54","guid":{"rendered":"https:\/\/www.notibras.com\/site\/?p=338642"},"modified":"2024-10-14T09:08:48","modified_gmt":"2024-10-14T12:08:48","slug":"inspecao-sanitaria-investiga-esgoto-jogado-na-praia-de-areia-preta","status":"publish","type":"post","link":"https:\/\/www.notibras.com\/site\/inspecao-sanitaria-investiga-esgoto-jogado-na-praia-de-areia-preta\/","title":{"rendered":"Inspe\u00e7\u00e3o sanit\u00e1ria investiga esgoto jogado na praia de Areia Preta"},"content":{"rendered":"<p>Uma nova ocorr\u00eancia de lan\u00e7amento de esgoto foi registrada na praia de Areia Preta, na Zona Leste de Natal, conforme confirmou a prefeitura da capital potiguar. A fiscaliza\u00e7\u00e3o foi intensificada entre os dias 11 e 13, mas a origem do esgoto ainda n\u00e3o foi identificada.<\/p>\n<p>De acordo com o boletim de balneabilidade emitido no dia 11 de outubro, a praia foi considerada pr\u00f3pria para banho, ap\u00f3s passar 21 meses impr\u00f3pria, devido a n\u00edveis elevados de coliformes, entre novembro de 2022 e agosto de 2024.<\/p>\n<p>No entanto, no dia 4 de outubro, a Secretaria Municipal de Meio Ambiente e Urbanismo (Semurb) identificou uma nova descarga de \u00e1gua servida.<\/p>\n<p>Em resposta, uma reuni\u00e3o foi realizada com a Companhia de \u00c1guas e Esgotos do Rio Grande do Norte (Caern) e a Ag\u00eancia Reguladora de Saneamento B\u00e1sico (Arsban), e uma opera\u00e7\u00e3o conjunta foi iniciada.<\/p>\n<p>A suspeita \u00e9 de que o problema possa estar relacionado ao bairro de M\u00e3e Luiza, o que causou a suspens\u00e3o tempor\u00e1ria do levantamento que estava sendo feito na Avenida S\u00edlvio Pedroza<\/p>\n<p>Leonardo Almeida, supervisor geral de fiscaliza\u00e7\u00e3o ambiental, afirmou que a investiga\u00e7\u00e3o continua at\u00e9 que a origem seja identificada. Ele destacou que lan\u00e7ar esgoto na rede de drenagem \u00e9 uma infra\u00e7\u00e3o grav\u00edssima, sujeita a multas, e que o munic\u00edpio est\u00e1 comprometido em manter as praias em condi\u00e7\u00f5es adequadas para a popula\u00e7\u00e3o.<\/p>\n","protected":false},"excerpt":{"rendered":"<p>Uma nova ocorr\u00eancia de lan\u00e7amento de esgoto foi registrada na praia de Areia Preta, na Zona Leste de Natal, conforme confirmou a prefeitura da capital potiguar. A fiscaliza\u00e7\u00e3o foi intensificada entre os dias 11 e 13, mas a origem do esgoto ainda n\u00e3o foi identificada. De acordo com o boletim de balneabilidade emitido no dia [&hellip;]<\/p>\n","protected":false},"author":2,"featured_media":338643,"comment_status":"closed","ping_status":"closed","sticky":false,"template":"","format":"standard","meta":{"_acf_changed":false,"footnotes":""},"categories":[165],"tags":[],"class_list":["post-338642","post","type-post","status-publish","format-standard","has-post-thumbnail","hentry","category-nordeste"],"acf":[],"_links":{"self":[{"href":"https:\/\/www.notibras.com\/site\/wp-json\/wp\/v2\/posts\/338642","targetHints":{"allow":["GET"]}}],"collection":[{"href":"https:\/\/www.notibras.com\/site\/wp-json\/wp\/v2\/posts"}],"about":[{"href":"https:\/\/www.notibras.com\/site\/wp-json\/wp\/v2\/types\/post"}],"author":[{"embeddable":true,"href":"https:\/\/www.notibras.com\/site\/wp-json\/wp\/v2\/users\/2"}],"replies":[{"embeddable":true,"href":"https:\/\/www.notibras.com\/site\/wp-json\/wp\/v2\/comments?post=338642"}],"version-history":[{"count":2,"href":"https:\/\/www.notibras.com\/site\/wp-json\/wp\/v2\/posts\/338642\/revisions"}],"predecessor-version":[{"id":338645,"href":"https:\/\/www.notibras.com\/site\/wp-json\/wp\/v2\/posts\/338642\/revisions\/338645"}],"wp:featuredmedia":[{"embeddable":true,"href":"https:\/\/www.notibras.com\/site\/wp-json\/wp\/v2\/media\/338643"}],"wp:attachment":[{"href":"https:\/\/www.notibras.com\/site\/wp-json\/wp\/v2\/media?parent=338642"}],"wp:term":[{"taxonomy":"category","embeddable":true,"href":"https:\/\/www.notibras.com\/site\/wp-json\/wp\/v2\/categories?post=338642"},{"taxonomy":"post_tag","embeddable":true,"href":"https:\/\/www.notibras.com\/site\/wp-json\/wp\/v2\/tags?post=338642"}],"curies":[{"name":"wp","href":"https:\/\/api.w.org\/{rel}","templated":true}]}}