{"id":338649,"date":"2024-10-14T00:00:50","date_gmt":"2024-10-14T03:00:50","guid":{"rendered":"https:\/\/www.notibras.com\/site\/?p=338649"},"modified":"2024-10-14T09:23:37","modified_gmt":"2024-10-14T12:23:37","slug":"competicoes-de-esportes-coletivos-do-jubs-comecam-nesta-segunda","status":"publish","type":"post","link":"https:\/\/www.notibras.com\/site\/competicoes-de-esportes-coletivos-do-jubs-comecam-nesta-segunda\/","title":{"rendered":"Competi\u00e7\u00f5es de esportes coletivos do JUBs come\u00e7am nesta segunda"},"content":{"rendered":"<p>Dia oficial do \u201cat\u00e9 logo\u201d e do \u201cbem-vindo\u201d nos Jogos Universit\u00e1rios Brasileiros (JUBs Bras\u00edlia 2024). A 71\u00aa edi\u00e7\u00e3o do maior evento universit\u00e1rio da Am\u00e9rica Latina fez um breve intervalo nas competi\u00e7\u00f5es. Ap\u00f3s uma semana de disputas em 19 modalidades individuais, chegou o momento dos esportes coletivos, como o futsal, v\u00f4lei e handebol. S\u00e3o esperados cerca de 3.400 estudantes nos pr\u00f3ximos seis dias de competi\u00e7\u00f5es.<\/p>\n<p>Os atletas da primeira fase do JUBs (esportes individuais) se despedem depois de seis dias de concentra\u00e7\u00e3o, prepara\u00e7\u00e3o f\u00edsica, psicol\u00f3gica e, claro, muito suor. Foram mais de 1700 estudantes, sendo 101 paradesportistas, 163 t\u00e9cnicos e 257 dirigentes de todos os estados do Brasil, al\u00e9m do Distrito Federal. Cerca de tr\u00eas mil pessoas envolvidas, segundo a Confedera\u00e7\u00e3o Brasileira do Desporto Universit\u00e1rio (CBDU), organiza\u00e7\u00e3o do evento, somando \u00e1rbitros, membros da organiza\u00e7\u00e3o e volunt\u00e1rios.<\/p>\n<p>Sem contar com a participa\u00e7\u00e3o dos medalhistas ol\u00edmpicos Caio Bonfim e William Lima, embaixadores do JUBs, e Petr\u00facio Ferreira, tricampe\u00e3o paral\u00edmpico. Inclusive, o nadador Daniel Xavier Mendes, medalhista na Paralimp\u00edada de Paris, disputou esta edi\u00e7\u00e3o do JUBs, em Bras\u00edlia.<\/p>\n<p>Neste domingo (13), dia da despedida dos atletas, o Centro Internacional de Conven\u00e7\u00f5es do Brasil (CICB) &#8211; um dos 13 locais de competi\u00e7\u00f5es e que tamb\u00e9m funcionou como hospedagem e centro administrativo do JUBs &#8211; seguia movimentado. Bagagens espalhadas, medalhas guardadas, cansa\u00e7o e muita hist\u00f3ria para contar.<\/p>\n<p>Como os estudantes da Universidade Federal de Vi\u00e7osa (UFV), de Minas Gerais. Reunidos no Boulevard dos Atletas, carregando celulares para a viagem de volta, com cerca 18 horas de dura\u00e7\u00e3o, eles conversavam sobre esta primeira semana de competi\u00e7\u00e3o.<\/p>\n<p>Daniel Ara\u00fajo cursa o quarto per\u00edodo de Zootecnia, \u00e9 velocista dos 100m rasos, mas competiu tamb\u00e9m no salto em altura. N\u00e3o ganhou medalha, mas leva para casa aprendizado.<\/p>\n<p>\u201cO n\u00edvel da competi\u00e7\u00e3o foi muito alto. Era a minha primeira vez no JUBs. Vi que preciso me dedicar mais e, no ano que vem, vou sair daqui com medalha no pesco\u00e7o. Foi o maior evento que participei na minha vida. Superou todas as minhas expectativas, nunca vi algo t\u00e3o insano. Vou me esfor\u00e7ar demais para vir nos pr\u00f3ximos\u201d.<\/p>\n<p>Thayana Soares n\u00e3o \u00e9 \u201ccaloura\u201d de JUBs. Ela concluiu o curso de Educa\u00e7\u00e3o F\u00edsica na UFV na semana anterior ao evento e competiu em provas de fundo de 5kms e 10kms. Ela j\u00e1 tinha competido no basquete no in\u00edcio da faculdade, mas admitiu que correr em Bras\u00edlia n\u00e3o foi nada f\u00e1cil.<\/p>\n<p>\u201cTreinei em climas de pico, nas piores condi\u00e7\u00f5es, mas nada se compara. Mesmo as atletas que estavam acostumadas falaram que realmente estava duro. Esta \u00e9 minha \u00faltima competi\u00e7\u00e3o. O JUBs mudou muito da primeira vez que vim. Este tipo de socializa\u00e7\u00e3o n\u00e3o era frequente antes, est\u00e1 incr\u00edvel\u201d.<\/p>\n<p>Ana Carolina Prado, que nadou os 400 metros livre apenas 19 anos, j\u00e1 pensava no retorno.<\/p>\n<p>\u201cAgora s\u00e3o 18 horas de volta, n\u00e9? Cansativo. Vim com um friozinho na barriga, mas aqui deu tudo certo, com a troca de experi\u00eancias com outros estudantes. Superou minhas expectativas. A piscina estava um pouco lenta, mas n\u00e3o atrapalhou\u201d.<\/p>\n<p>Dentro do grupo de Vi\u00e7osa havia uma intrusa. Rebeca Bamberg. P\u00f3s-graduanda em Fisioterapia Esportiva pela Universidade Federal de Minas Gerais (UFMG). A \u201cinimiga \u00edntima\u201d veio competir no salto em dist\u00e2ncia e deixou as rivalidades locais de lado por um bem maior.<\/p>\n<p>\u201cAs meninas aqui ficaram brincando comigo, falando da UFMG, mas tem que levar na esportiva. Todo campeonato acontece isso. Quando as competi\u00e7\u00f5es s\u00e3o l\u00e1 em Minas Gerais a rivalidade fica mais acirrada, mas aqui somos uma coisa s\u00f3, representando o estado\u201d, brincou.<\/p>\n<p>Viagem de volta para atletas de t\u00eanis, t\u00eanis de mesa, t\u00eanis de mesa paradesportivo, atletismo, atletismo paradesportivo, jud\u00f4, taekwondo, nata\u00e7\u00e3o, nata\u00e7\u00e3o paradesportiva, jiu-j\u00edtsu, breaking, badminton, badminton paradesportivo, basquete 1&#215;1, Clash Royale, Free Fire, League of Legends. Ao todo foram distribu\u00eddas 823 medalhas ( 327 ouros, 230 pratas e 264 bronzes) al\u00e9m de 109 trof\u00e9us ( 37 de ouro, 34 de prata e 37 de bronze).<\/p>\n","protected":false},"excerpt":{"rendered":"<p>Dia oficial do \u201cat\u00e9 logo\u201d e do \u201cbem-vindo\u201d nos Jogos Universit\u00e1rios Brasileiros (JUBs Bras\u00edlia 2024). A 71\u00aa edi\u00e7\u00e3o do maior evento universit\u00e1rio da Am\u00e9rica Latina fez um breve intervalo nas competi\u00e7\u00f5es. Ap\u00f3s uma semana de disputas em 19 modalidades individuais, chegou o momento dos esportes coletivos, como o futsal, v\u00f4lei e handebol. S\u00e3o esperados cerca [&hellip;]<\/p>\n","protected":false},"author":2,"featured_media":338650,"comment_status":"closed","ping_status":"closed","sticky":false,"template":"","format":"standard","meta":{"_acf_changed":false,"footnotes":""},"categories":[161],"tags":[],"class_list":["post-338649","post","type-post","status-publish","format-standard","has-post-thumbnail","hentry","category-quadradinho-em-foco"],"acf":[],"_links":{"self":[{"href":"https:\/\/www.notibras.com\/site\/wp-json\/wp\/v2\/posts\/338649","targetHints":{"allow":["GET"]}}],"collection":[{"href":"https:\/\/www.notibras.com\/site\/wp-json\/wp\/v2\/posts"}],"about":[{"href":"https:\/\/www.notibras.com\/site\/wp-json\/wp\/v2\/types\/post"}],"author":[{"embeddable":true,"href":"https:\/\/www.notibras.com\/site\/wp-json\/wp\/v2\/users\/2"}],"replies":[{"embeddable":true,"href":"https:\/\/www.notibras.com\/site\/wp-json\/wp\/v2\/comments?post=338649"}],"version-history":[{"count":1,"href":"https:\/\/www.notibras.com\/site\/wp-json\/wp\/v2\/posts\/338649\/revisions"}],"predecessor-version":[{"id":338651,"href":"https:\/\/www.notibras.com\/site\/wp-json\/wp\/v2\/posts\/338649\/revisions\/338651"}],"wp:featuredmedia":[{"embeddable":true,"href":"https:\/\/www.notibras.com\/site\/wp-json\/wp\/v2\/media\/338650"}],"wp:attachment":[{"href":"https:\/\/www.notibras.com\/site\/wp-json\/wp\/v2\/media?parent=338649"}],"wp:term":[{"taxonomy":"category","embeddable":true,"href":"https:\/\/www.notibras.com\/site\/wp-json\/wp\/v2\/categories?post=338649"},{"taxonomy":"post_tag","embeddable":true,"href":"https:\/\/www.notibras.com\/site\/wp-json\/wp\/v2\/tags?post=338649"}],"curies":[{"name":"wp","href":"https:\/\/api.w.org\/{rel}","templated":true}]}}