{"id":338666,"date":"2024-10-14T21:41:02","date_gmt":"2024-10-15T00:41:02","guid":{"rendered":"https:\/\/www.notibras.com\/site\/?p=338666"},"modified":"2024-10-14T21:42:52","modified_gmt":"2024-10-15T00:42:52","slug":"advogados-farao-justica-e-corrigirao-os-erros-da-ultima-eleicao-na-oab","status":"publish","type":"post","link":"https:\/\/www.notibras.com\/site\/advogados-farao-justica-e-corrigirao-os-erros-da-ultima-eleicao-na-oab\/","title":{"rendered":"Advogados far\u00e3o justi\u00e7a e corrigir\u00e3o os erros da \u00faltima elei\u00e7\u00e3o na OAB?"},"content":{"rendered":"<p>Um bate-e-volta a Bras\u00edlia, onde os netos fizeram do s\u00e1bado, 12, um dia muito al\u00e9m das cronol\u00f3gicas 24 horas, trouxe-me de volta ao litoral pernambucano com uma pergunta, feita por alguns amigos advogados, sem resposta imediata: a categoria far\u00e1 justi\u00e7a no pleito do pr\u00f3ximo m\u00eas e corrigir\u00e1 os erros da \u00faltima elei\u00e7\u00e3o? Com quem estive &#8211; foram poucos, admito &#8211; a impress\u00e3o que se tem \u00e9 que Poli, candidato de Jr, \u00e9 carta fora do baralho. A resposta, portanto, seria sim.<\/p>\n<p>O que faz de Poli descart\u00e1vel \u00e9 seu negacionismo. O defeito do candidato de Jr \u00e9 negar ter dito o que disse. Em outras palavras, falseia a verdade. Passa o apagador no quadro negro, como faziam as professoras no tempo em que as salas de aula das escolas prim\u00e1rias n\u00e3o tinham notebook. Poli se desdiz, afirma, em tom de confid\u00eancia, uma jovem lideran\u00e7a entre os advogados da mesma faixa et\u00e1ria. E enfatiza, numa indireta a Paulo Maur\u00edcio: advogado precisa honrar a palavra.<\/p>\n<p>Mas, ser\u00e1 isso mesmo? Os doutos profissionais do campo do Direito em Bras\u00edlia estariam mesmo propensos a acabar com a ideia de uma esp\u00e9cie de capitania heredit\u00e1ria na OAB da capital da Rep\u00fablica? A d\u00favida persiste. Mesmo porque, das chapas anunciadas, ao menos duas correm na mesma dire\u00e7\u00e3o. E com votos divididos, a tend\u00eancia \u00e9 que uma delas fique pelo meio do caminho.<\/p>\n<p>Vamos aos nomes:<\/p>\n<p><strong>Paulo Maur\u00edcio Siqueira<\/strong> \u00e9 o candidato de Jr. Seu lema \u00e9 &#8220;OAB para todos&#8221;, defendendo uma Ordem unida e moderna. A promessa \u00e9 desconsiderada at\u00e9 por seus amigos mais pr\u00f3ximos. Poli aperta a mesma tecla revelada por seu padrinho. E como Jr n\u00e3o fez, ningu\u00e9m acredita mais em hist\u00f3ria da Carochinha, em Papai Noel, no Coelhinho da P\u00e1scoa, no Saci Perer\u00ea&#8230;<\/p>\n<p><strong>Everardo Gueiros<\/strong> \u00e9 visto como um candidato forte como Sans\u00e3o, mesmo com os cabelos sempre bem aparados. Everardo registrou sua chapa com Rute Raquel Vieira Braga como vice-presidente. Sua campanha foca na representatividade das subse\u00e7\u00f5es e maior participa\u00e7\u00e3o feminina na OAB. Ele tem apoio de lideran\u00e7as pol\u00edticas locais, de advogados de relev\u00e2ncia e \u00e9 admirado pela chamada &#8216;nova (literalmente) advocacia&#8217;.<\/p>\n<p>Outros nomes importantes tamb\u00e9m est\u00e3o concorrendo, a exemplo de Cleber Lopes, Cristiane Damasceno e Karol Guimar\u00e3es. At\u00e9 aqui s\u00e3o cinco chapas. Contudo, como os registros podem ser feitos at\u00e9 o dia 18, n\u00e3o ser\u00e1 surpresa se aparecer um novo grupo reivindicando o direito de entrar na disputa, que ocorrer\u00e1 no dia 17 de novembro, de forma virtual. At\u00e9 l\u00e1, temos o apadrinhado de Jr, al\u00e9m de Everardo Gueiros e mais tr\u00eas candidaturas, a saber:<\/p>\n<p><strong>Cleber Lopes<\/strong>: \u00c9 um criminalista que conta com o apoio aberto do governador Ibaneis Rocha e de diversas lideran\u00e7as locais. Defende a valoriza\u00e7\u00e3o das prerrogativas dos advogados.<\/p>\n<p><strong>Cristiane Damasceno<\/strong>: Inicialmente aliada de Cleber Lopes, Cristiane decidiu romper com seu grupo e seguir em candidatura pr\u00f3pria. Ela \u00e9 conselheira federal e ex-vice-presidente da OAB\/DF. Sua plataforma valoriza a diversidade e a participa\u00e7\u00e3o feminina, al\u00e9m de seu compromisso com a renova\u00e7\u00e3o na gest\u00e3o da Ordem. Possui \u00edntima liga\u00e7\u00e3o com Beto Simonetti, presidente da OAB nacional.<\/p>\n<p><strong>Karol Guimar\u00e3es<\/strong>: Com a chapa oficializada em cima da hora, Karolyne Guimar\u00e3es j\u00e1 vinha sendo mencionada em discuss\u00f5es sobre as elei\u00e7\u00f5es para a OAB local. Seu nome chegou a ser citado para compor com o grupo de Jr, ideia posteriormente descartada. Seu coordenador de campanha \u00e9 Lucas Kontoyanes, considerado um velho lobo articulador quando o assunto envolve urnas eleitorais.<\/p>\n<p>Esse quadro revela uma disputa diversificada, com diferentes propostas para o futuro da Ordem. Entretanto, a impress\u00e3o que se tem \u00e9 que entre os cinco, Cleber e Everardo s\u00e3o vistos como pule de 10. H\u00e1, contudo, uma diferen\u00e7a gritante entre os dois. Se o primeiro tem mais catimba, o segundo tem mais carisma.<\/p>\n","protected":false},"excerpt":{"rendered":"<p>Um bate-e-volta a Bras\u00edlia, onde os netos fizeram do s\u00e1bado, 12, um dia muito al\u00e9m das cronol\u00f3gicas 24 horas, trouxe-me de volta ao litoral pernambucano com uma pergunta, feita por alguns amigos advogados, sem resposta imediata: a categoria far\u00e1 justi\u00e7a no pleito do pr\u00f3ximo m\u00eas e corrigir\u00e1 os erros da \u00faltima elei\u00e7\u00e3o? Com quem estive [&hellip;]<\/p>\n","protected":false},"author":2,"featured_media":257930,"comment_status":"closed","ping_status":"closed","sticky":false,"template":"","format":"standard","meta":{"_acf_changed":false,"footnotes":""},"categories":[161],"tags":[],"class_list":["post-338666","post","type-post","status-publish","format-standard","has-post-thumbnail","hentry","category-quadradinho-em-foco"],"acf":[],"_links":{"self":[{"href":"https:\/\/www.notibras.com\/site\/wp-json\/wp\/v2\/posts\/338666","targetHints":{"allow":["GET"]}}],"collection":[{"href":"https:\/\/www.notibras.com\/site\/wp-json\/wp\/v2\/posts"}],"about":[{"href":"https:\/\/www.notibras.com\/site\/wp-json\/wp\/v2\/types\/post"}],"author":[{"embeddable":true,"href":"https:\/\/www.notibras.com\/site\/wp-json\/wp\/v2\/users\/2"}],"replies":[{"embeddable":true,"href":"https:\/\/www.notibras.com\/site\/wp-json\/wp\/v2\/comments?post=338666"}],"version-history":[{"count":3,"href":"https:\/\/www.notibras.com\/site\/wp-json\/wp\/v2\/posts\/338666\/revisions"}],"predecessor-version":[{"id":338669,"href":"https:\/\/www.notibras.com\/site\/wp-json\/wp\/v2\/posts\/338666\/revisions\/338669"}],"wp:featuredmedia":[{"embeddable":true,"href":"https:\/\/www.notibras.com\/site\/wp-json\/wp\/v2\/media\/257930"}],"wp:attachment":[{"href":"https:\/\/www.notibras.com\/site\/wp-json\/wp\/v2\/media?parent=338666"}],"wp:term":[{"taxonomy":"category","embeddable":true,"href":"https:\/\/www.notibras.com\/site\/wp-json\/wp\/v2\/categories?post=338666"},{"taxonomy":"post_tag","embeddable":true,"href":"https:\/\/www.notibras.com\/site\/wp-json\/wp\/v2\/tags?post=338666"}],"curies":[{"name":"wp","href":"https:\/\/api.w.org\/{rel}","templated":true}]}}