{"id":338724,"date":"2024-10-15T00:00:39","date_gmt":"2024-10-15T03:00:39","guid":{"rendered":"https:\/\/www.notibras.com\/site\/?p=338724"},"modified":"2024-10-15T08:52:03","modified_gmt":"2024-10-15T11:52:03","slug":"esquerda-anuncia-apoio-incondicional-a-reeleicao-de-cicero","status":"publish","type":"post","link":"https:\/\/www.notibras.com\/site\/esquerda-anuncia-apoio-incondicional-a-reeleicao-de-cicero\/","title":{"rendered":"Esquerda anuncia apoio incondicional \u00e0 reelei\u00e7\u00e3o de C\u00edcero"},"content":{"rendered":"<p>Presidida pelo Partido Comunista do Brasil (PCdoB), a Federa\u00e7\u00e3o Brasil da Esperan\u00e7a de Jo\u00e3o Pessoa (FeBrasil-JP) divulgou nesta segunda-feira (14) uma nota de total apoio \u00e0 candidatura de C\u00edcero Lucena (Progressistas), que disputa a reelei\u00e7\u00e3o no pleito de segundo turno para prefeito da capital paraibana.<\/p>\n<p>&#8220;Agora, oficialmente, toda a Federa\u00e7\u00e3o est\u00e1 com C\u00edcero&#8221;, ressalta a presidente municipal do PCdoB de Jo\u00e3o Pessoa, Rosi Morais, que tamb\u00e9m preside a FeBrasil-JP. Al\u00e9m do PCdoB, a Federa\u00e7\u00e3o ainda \u00e9 integrada pelo Partido Verde (PV) e pelo Partido dos Trabalhadores (PT).<\/p>\n<p><strong>Veja a nota<\/strong><br \/>\n<em>A Federa\u00e7\u00e3o Brasil da Esperan\u00e7a em Jo\u00e3o Pessoa vem por meio desta declarar seu apoio \u00e0 reelei\u00e7\u00e3o do prefeito C\u00edcero Lucena.<\/em><\/p>\n<p><em>A extrema direita tem avan\u00e7ado por todo o mundo e sabendo dos efeitos nefastos que esse segmento pode trazer, dentre eles o fascismo, que tem mostrado sua face onde a extrema direita governa, a FeBrasil decidiu apoiar a reelei\u00e7\u00e3o do prefeito C\u00edcero Lucena.<\/em><\/p>\n<p><em>C\u00edcero sempre se colocou claramente no campo democr\u00e1tico. Durante a pandemia tomou medidas a favor da ci\u00eancia e tem feito uma gest\u00e3o bem avaliada pela popula\u00e7\u00e3o de Jo\u00e3o Pessoa.<\/em><\/p>\n<p><em>O advers\u00e1rio de C\u00edcero \u00e9 algu\u00e9m que se destacou na pandemia como ministro da Sa\u00fade do Brasil, colocando nosso pa\u00eds como um daqueles com maior n\u00famero de mortes proporcionais causadas pela Covid-19.<\/em><\/p>\n<p><em>\u00c9 evidente que, para o futuro do povo de Jo\u00e3o Pessoa, C\u00edcero \u00e9 a melhor op\u00e7\u00e3o. Assim, a FeBrasil, composta pelo PT, PV e PCdoB, partidos que sempre buscam estar ao lado do povo, compartilha do desejo por uma cidade com igualdade, diversidade, justi\u00e7a social, que proporcione \u00e0 sua popula\u00e7\u00e3o uma vida com dignidade e oportunidade para todas as pessoas.<\/em><\/p>\n<p><em>Diante disso, declaramos nosso apoio \u00e0 reelei\u00e7\u00e3o de C\u00edcero Lucena.<\/em><\/p>\n","protected":false},"excerpt":{"rendered":"<p>Presidida pelo Partido Comunista do Brasil (PCdoB), a Federa\u00e7\u00e3o Brasil da Esperan\u00e7a de Jo\u00e3o Pessoa (FeBrasil-JP) divulgou nesta segunda-feira (14) uma nota de total apoio \u00e0 candidatura de C\u00edcero Lucena (Progressistas), que disputa a reelei\u00e7\u00e3o no pleito de segundo turno para prefeito da capital paraibana. &#8220;Agora, oficialmente, toda a Federa\u00e7\u00e3o est\u00e1 com C\u00edcero&#8221;, ressalta a [&hellip;]<\/p>\n","protected":false},"author":2,"featured_media":338725,"comment_status":"closed","ping_status":"closed","sticky":false,"template":"","format":"standard","meta":{"_acf_changed":false,"footnotes":""},"categories":[165],"tags":[],"class_list":["post-338724","post","type-post","status-publish","format-standard","has-post-thumbnail","hentry","category-nordeste"],"acf":[],"_links":{"self":[{"href":"https:\/\/www.notibras.com\/site\/wp-json\/wp\/v2\/posts\/338724","targetHints":{"allow":["GET"]}}],"collection":[{"href":"https:\/\/www.notibras.com\/site\/wp-json\/wp\/v2\/posts"}],"about":[{"href":"https:\/\/www.notibras.com\/site\/wp-json\/wp\/v2\/types\/post"}],"author":[{"embeddable":true,"href":"https:\/\/www.notibras.com\/site\/wp-json\/wp\/v2\/users\/2"}],"replies":[{"embeddable":true,"href":"https:\/\/www.notibras.com\/site\/wp-json\/wp\/v2\/comments?post=338724"}],"version-history":[{"count":1,"href":"https:\/\/www.notibras.com\/site\/wp-json\/wp\/v2\/posts\/338724\/revisions"}],"predecessor-version":[{"id":338726,"href":"https:\/\/www.notibras.com\/site\/wp-json\/wp\/v2\/posts\/338724\/revisions\/338726"}],"wp:featuredmedia":[{"embeddable":true,"href":"https:\/\/www.notibras.com\/site\/wp-json\/wp\/v2\/media\/338725"}],"wp:attachment":[{"href":"https:\/\/www.notibras.com\/site\/wp-json\/wp\/v2\/media?parent=338724"}],"wp:term":[{"taxonomy":"category","embeddable":true,"href":"https:\/\/www.notibras.com\/site\/wp-json\/wp\/v2\/categories?post=338724"},{"taxonomy":"post_tag","embeddable":true,"href":"https:\/\/www.notibras.com\/site\/wp-json\/wp\/v2\/tags?post=338724"}],"curies":[{"name":"wp","href":"https:\/\/api.w.org\/{rel}","templated":true}]}}