{"id":338732,"date":"2024-10-15T15:10:50","date_gmt":"2024-10-15T18:10:50","guid":{"rendered":"https:\/\/www.notibras.com\/site\/?p=338732"},"modified":"2024-10-15T15:10:50","modified_gmt":"2024-10-15T18:10:50","slug":"familia-de-reporteres-tem-muitos-discipulos-de-freire","status":"publish","type":"post","link":"https:\/\/www.notibras.com\/site\/familia-de-reporteres-tem-muitos-discipulos-de-freire\/","title":{"rendered":"Fam\u00edlia de rep\u00f3rteres tem muitos disc\u00edpulos de Freire"},"content":{"rendered":"<p>Se engana quem imagina que nas veias da Fam\u00edlia Seabra corre apenas o sangue do jornalismo. Bem acima dos rep\u00f3rteres, l\u00e1 topo do mundo, no ponto mais alto do pedestal, est\u00e3o os Seabra que preferiram seguir como disc\u00edpulos de Paulo Freire. S\u00e3o irm\u00e3os, primos, tios, sobrinhos que, na vastid\u00e3o do universo que nos cerca, ajudam a compor uma classe de profissionais cujo impacto transcende o tempo: os professores. S\u00e3o eles os verdadeiros guerreiros que, diariamente, empunham como armas o conhecimento e a paci\u00eancia, na miss\u00e3o incans\u00e1vel de guiar seus alunos pelo caminho do saber. Em suas salas de aula, constroem-se n\u00e3o apenas futuros profissionais, mas cidad\u00e3os conscientes, seres humanos com capacidade de transformar a realidade ao seu redor.<\/p>\n<p>Conhecendo esse lado da fam\u00edlia, descobri que a tarefa de um professor vai muito al\u00e9m de transmitir conte\u00fados. \u00c9 inspirar curiosidade, nutrir o pensamento cr\u00edtico e, acima de tudo, oferecer um espa\u00e7o de di\u00e1logo e troca. Essa vis\u00e3o reflete profundamente os ensinamentos de Paulo Freire, um dos maiores educadores e fil\u00f3sofos do Brasil e do mundo, que nos ensinou que a educa\u00e7\u00e3o \u00e9 um ato pol\u00edtico, uma pr\u00e1tica de liberdade. Segundo Freire, ensinar \u00e9 um ato de amor e coragem, pois envolve a forma\u00e7\u00e3o de indiv\u00edduos que possam compreender e questionar o mundo \u00e0 sua volta.<\/p>\n<p>O professor, portanto, n\u00e3o \u00e9 um simples transmissor de informa\u00e7\u00f5es. Ele \u00e9 um mediador, um incentivador, algu\u00e9m que reconhece as potencialidades de cada aluno e o guia para desenvolv\u00ea-las plenamente. Em uma sociedade que muitas vezes desvaloriza o papel da educa\u00e7\u00e3o e de seus protagonistas, ser professor \u00e9 um ato de resist\u00eancia. \u00c9 acreditar que, apesar de todos os desafios, \u00e9 poss\u00edvel transformar realidades e oferecer oportunidades.<\/p>\n<p>Os professores carregam o peso de formar gera\u00e7\u00f5es, muitas vezes em meio a adversidades. Lembram-nos que o conhecimento liberta e que \u00e9 por meio da educa\u00e7\u00e3o que se pode romper ciclos de desigualdade e exclus\u00e3o. Inspirados por Paulo Freire, eles sabem que o ato de ensinar \u00e9 uma via de m\u00e3o dupla, onde tanto o professor quanto o aluno aprendem. Nas palavras de Freire, &#8220;ningu\u00e9m educa ningu\u00e9m, ningu\u00e9m educa a si mesmo, os homens se educam entre si, mediados pelo mundo.&#8221;<\/p>\n<p>Aos professores (como Peu), verdadeiros guerreiros da educa\u00e7\u00e3o, ficam o reconhecimento e a gratid\u00e3o. S\u00e3o eles que, com coragem e determina\u00e7\u00e3o, continuam plantando as sementes do conhecimento, da justi\u00e7a e da liberdade. Em cada palavra, em cada gesto, nos conduzem ao encontro do saber e nos ajudam a compreender que a educa\u00e7\u00e3o \u00e9, antes de tudo, uma forma de sonhar com um futuro melhor.<\/p>\n","protected":false},"excerpt":{"rendered":"<p>Se engana quem imagina que nas veias da Fam\u00edlia Seabra corre apenas o sangue do jornalismo. Bem acima dos rep\u00f3rteres, l\u00e1 topo do mundo, no ponto mais alto do pedestal, est\u00e3o os Seabra que preferiram seguir como disc\u00edpulos de Paulo Freire. S\u00e3o irm\u00e3os, primos, tios, sobrinhos que, na vastid\u00e3o do universo que nos cerca, ajudam [&hellip;]<\/p>\n","protected":false},"author":2,"featured_media":338733,"comment_status":"closed","ping_status":"closed","sticky":false,"template":"","format":"standard","meta":{"_acf_changed":false,"footnotes":""},"categories":[161],"tags":[],"class_list":["post-338732","post","type-post","status-publish","format-standard","has-post-thumbnail","hentry","category-quadradinho-em-foco"],"acf":[],"_links":{"self":[{"href":"https:\/\/www.notibras.com\/site\/wp-json\/wp\/v2\/posts\/338732","targetHints":{"allow":["GET"]}}],"collection":[{"href":"https:\/\/www.notibras.com\/site\/wp-json\/wp\/v2\/posts"}],"about":[{"href":"https:\/\/www.notibras.com\/site\/wp-json\/wp\/v2\/types\/post"}],"author":[{"embeddable":true,"href":"https:\/\/www.notibras.com\/site\/wp-json\/wp\/v2\/users\/2"}],"replies":[{"embeddable":true,"href":"https:\/\/www.notibras.com\/site\/wp-json\/wp\/v2\/comments?post=338732"}],"version-history":[{"count":1,"href":"https:\/\/www.notibras.com\/site\/wp-json\/wp\/v2\/posts\/338732\/revisions"}],"predecessor-version":[{"id":338734,"href":"https:\/\/www.notibras.com\/site\/wp-json\/wp\/v2\/posts\/338732\/revisions\/338734"}],"wp:featuredmedia":[{"embeddable":true,"href":"https:\/\/www.notibras.com\/site\/wp-json\/wp\/v2\/media\/338733"}],"wp:attachment":[{"href":"https:\/\/www.notibras.com\/site\/wp-json\/wp\/v2\/media?parent=338732"}],"wp:term":[{"taxonomy":"category","embeddable":true,"href":"https:\/\/www.notibras.com\/site\/wp-json\/wp\/v2\/categories?post=338732"},{"taxonomy":"post_tag","embeddable":true,"href":"https:\/\/www.notibras.com\/site\/wp-json\/wp\/v2\/tags?post=338732"}],"curies":[{"name":"wp","href":"https:\/\/api.w.org\/{rel}","templated":true}]}}