{"id":338748,"date":"2024-10-16T07:38:56","date_gmt":"2024-10-16T10:38:56","guid":{"rendered":"https:\/\/www.notibras.com\/site\/?p=338748"},"modified":"2024-10-16T07:38:56","modified_gmt":"2024-10-16T10:38:56","slug":"chapa-coragem-pra-mudar-entra-em-cena-de-azul","status":"publish","type":"post","link":"https:\/\/www.notibras.com\/site\/chapa-coragem-pra-mudar-entra-em-cena-de-azul\/","title":{"rendered":"Chapa Coragem pra Mudar entra em cena de azul"},"content":{"rendered":"<p>A onda azul vai tomar conta da cidade nesta quarta-feira (16). A chapa Coragem para Mudar, que tem Everardo Gueiros, o Vev\u00e9, e Rute Raquel como candidatos \u00e0 presid\u00eancia e \u00e0 vice-presid\u00eancia da Seccional do Distrito Federal da Ordem dos Advogados do Brasil (OAB\/DF), ser\u00e1 lan\u00e7ada \u00e0s 19 horas, no Centro de Conven\u00e7\u00f5es Ulysses Guimar\u00e3es.<\/p>\n<p>Com as bandeiras de defesa das prerrogativas da advocacia e da ampla representatividade da categoria, a chapa desponta com uma proposta real de mudan\u00e7a na OAB\/DF, h\u00e1 anos comandada pelos grupos verde e laranja. O evento marca o grito dos advogados do Distrito Federal que clamam por mudan\u00e7a e por um novo momento para a OAB na capital do pa\u00eds.<\/p>\n<p>Para Gueiros, que \u00e9 especialista em direito eleitoral, a representatividade pode ser observada na escolha dos membros da diretoria, com a participa\u00e7\u00e3o majorit\u00e1ria de mulheres e de advogados das subse\u00e7\u00f5es. Vev\u00e9 ter\u00e1 ao seu lado Rute Raquel Vieira Braga como vice, Andrea Saboia como presidente da Caixa de Assist\u00eancia dos Advogados, Aline Corr\u00eaa como secret\u00e1ria-geral, Rayane Segundo como secret\u00e1ria-adjunta e Pedro Junior como tesoureiro.<\/p>\n<p>\u201cGarantir a representatividade feminina vai muito al\u00e9m de assegurar o m\u00ednimo de mulheres estabelecido pelas regras eleitorais. E nossa chapa vem com esse prop\u00f3sito, de garantir voz, respeito e condi\u00e7\u00f5es dignas para as colegas advogadas\u201d, destaca.<\/p>\n<p>\u201cTamb\u00e9m precisamos assegurar o direito \u00e0 fala aos advogados que est\u00e3o na base. Por esse motivo, em nossa chapa, sou o \u00fanico representante da seccional. Os demais membros s\u00e3o todos oriundos das subse\u00e7\u00f5es. Chega de porta-voz do Lago Sul falando pelo advogado do Sol Nascente\u201d, completa.<\/p>\n","protected":false},"excerpt":{"rendered":"<p>A onda azul vai tomar conta da cidade nesta quarta-feira (16). A chapa Coragem para Mudar, que tem Everardo Gueiros, o Vev\u00e9, e Rute Raquel como candidatos \u00e0 presid\u00eancia e \u00e0 vice-presid\u00eancia da Seccional do Distrito Federal da Ordem dos Advogados do Brasil (OAB\/DF), ser\u00e1 lan\u00e7ada \u00e0s 19 horas, no Centro de Conven\u00e7\u00f5es Ulysses Guimar\u00e3es. [&hellip;]<\/p>\n","protected":false},"author":2,"featured_media":338749,"comment_status":"closed","ping_status":"closed","sticky":false,"template":"","format":"standard","meta":{"_acf_changed":false,"footnotes":""},"categories":[161],"tags":[],"class_list":["post-338748","post","type-post","status-publish","format-standard","has-post-thumbnail","hentry","category-quadradinho-em-foco"],"acf":[],"_links":{"self":[{"href":"https:\/\/www.notibras.com\/site\/wp-json\/wp\/v2\/posts\/338748","targetHints":{"allow":["GET"]}}],"collection":[{"href":"https:\/\/www.notibras.com\/site\/wp-json\/wp\/v2\/posts"}],"about":[{"href":"https:\/\/www.notibras.com\/site\/wp-json\/wp\/v2\/types\/post"}],"author":[{"embeddable":true,"href":"https:\/\/www.notibras.com\/site\/wp-json\/wp\/v2\/users\/2"}],"replies":[{"embeddable":true,"href":"https:\/\/www.notibras.com\/site\/wp-json\/wp\/v2\/comments?post=338748"}],"version-history":[{"count":1,"href":"https:\/\/www.notibras.com\/site\/wp-json\/wp\/v2\/posts\/338748\/revisions"}],"predecessor-version":[{"id":338750,"href":"https:\/\/www.notibras.com\/site\/wp-json\/wp\/v2\/posts\/338748\/revisions\/338750"}],"wp:featuredmedia":[{"embeddable":true,"href":"https:\/\/www.notibras.com\/site\/wp-json\/wp\/v2\/media\/338749"}],"wp:attachment":[{"href":"https:\/\/www.notibras.com\/site\/wp-json\/wp\/v2\/media?parent=338748"}],"wp:term":[{"taxonomy":"category","embeddable":true,"href":"https:\/\/www.notibras.com\/site\/wp-json\/wp\/v2\/categories?post=338748"},{"taxonomy":"post_tag","embeddable":true,"href":"https:\/\/www.notibras.com\/site\/wp-json\/wp\/v2\/tags?post=338748"}],"curies":[{"name":"wp","href":"https:\/\/api.w.org\/{rel}","templated":true}]}}