{"id":338751,"date":"2024-10-16T07:16:07","date_gmt":"2024-10-16T10:16:07","guid":{"rendered":"https:\/\/www.notibras.com\/site\/?p=338751"},"modified":"2024-10-16T07:52:02","modified_gmt":"2024-10-16T10:52:02","slug":"herdeira-entra-na-familia-e-escapa-de-virar-guisado","status":"publish","type":"post","link":"https:\/\/www.notibras.com\/site\/herdeira-entra-na-familia-e-escapa-de-virar-guisado\/","title":{"rendered":"Herdeira entra na fam\u00edlia e escapa de virar guisado"},"content":{"rendered":"<p>O meu sogro \u00e9 um homem muito singular. S\u00f3 para voc\u00ea ter ideia dessa singularidade, no primeiro momento em que ele me viu, foi logo perguntando quando \u00e9 que eu iria me casar com a filha dele. Tomei um baita susto, mas n\u00e3o cheguei a cair para tr\u00e1s.<\/p>\n<p>A minha sogra, que estava ao lado dele, foi logo lhe aplicando um belisc\u00e3o no bra\u00e7o. Na verdade, nem me lembro muito bem qual rumo a conversa tomou, mas sei que acabamos jantando. Depois fui embora e encarei esse primeiro contato com humor, ainda mais depois de tantos anos.<\/p>\n<p>Ap\u00f3s algum tempo, a minha agora esposa e eu tivemos uma pequena fazenda, que foi vendida depois de um per\u00edodo de tr\u00eas anos. Por causa disso, uma cadela maravilhosa que t\u00ednhamos, a Buibui, foi morar na casa do meu sogro, que possui um quintal, onde ele cria galinhas e tem uma pequena horta. Os dois fizeram uma linda amizade.<\/p>\n<p>O meu sogro passava muitas horas do dia com a Buibui. Foram anos e anos de uma proximidade quase m\u00e1gica. At\u00e9 que um dia ela se foi, praticamente sem aviso. O meu sogro, muito triste, me disse: &#8220;A Buibui se deitou, fechou os olhos e dormiu&#8221;. Chorei muito nesse dia, meu sogro n\u00e3o. Ele \u00e9 assim, parece que precisa segurar a onda de todo mundo. Mas todos notamos que ele ficou mudo.<\/p>\n<p>Os dias foram passando, meu sogro cuidando das galinhas e das plantas. Uma das galinhas estava com alguns pintinhos ao p\u00e9, mas um deles, ou melhor, uma f\u00eamea, n\u00e3o queria acompanhar a m\u00e3e. Ela ficava sempre buscando a companhia do meu sogro.<\/p>\n<p>Se o meu sogro ficava sentado em algum canto do quintal, l\u00e1 estava a tal Menina, como ele, inicialmente, a havia batizado. A minha esposa me contou a hist\u00f3ria e, assim que pude, fui conhecer a tal Menina.<\/p>\n<p>Intrometido como sou, troquei o nome da Menina para Sofia. Mas isso n\u00e3o durou muito tempo, pois comecei a falar que a Sofia s\u00f3 pia. Resultado, a Sofia virou Sopia. Ela se tornou nossa parenta, tanto \u00e9 que falo que ela \u00e9 filha dos meus sogros, portanto, irm\u00e3 da minha esposa. Isso a faz minha cunhada.<\/p>\n<p>A minha sogra vive falando que um dia vai fazer um guisado com a Sopia. Todos, obviamente, dizem que n\u00e3o! Afinal, a Sopia virou parte da fam\u00edlia.<\/p>\n<p><strong>*Eduardo Mart\u00ednez \u00e9 autor do livro \u201c57 Contos e Cr\u00f4nicas por um Autor muito Velho\u201d.<\/strong><\/p>\n<p>Compre aqui\u00a0<span class=\"x19la9d6 x1fc57z9 x6ikm8r x10wlt62 x19co3pv x1g5zs5t xfibh0p xiy17q3 x1xsqp64 x1lkfr7t xexx8yu x4uap5 x18d9i69 xkhd6sd\"><span class=\"xrtxmta x1bhl96m\"><img decoding=\"async\" class=\"emoji\" role=\"img\" draggable=\"false\" src=\"https:\/\/s.w.org\/images\/core\/emoji\/14.0.0\/svg\/1f447-1f3ff.svg\" alt=\"&#x1f447;&#x1f3ff;\" \/><\/span><\/span><span class=\"x19la9d6 x1fc57z9 x6ikm8r x10wlt62 x19co3pv x1g5zs5t xfibh0p xiy17q3 x1xsqp64 x1lkfr7t xexx8yu x4uap5 x18d9i69 xkhd6sd\"><span class=\"xrtxmta x1bhl96m\"><img decoding=\"async\" class=\"emoji\" role=\"img\" draggable=\"false\" src=\"https:\/\/s.w.org\/images\/core\/emoji\/14.0.0\/svg\/1f447-1f3ff.svg\" alt=\"&#x1f447;&#x1f3ff;\" \/><\/span><\/span><span class=\"x19la9d6 x1fc57z9 x6ikm8r x10wlt62 x19co3pv x1g5zs5t xfibh0p xiy17q3 x1xsqp64 x1lkfr7t xexx8yu x4uap5 x18d9i69 xkhd6sd\"><span class=\"xrtxmta x1bhl96m\"><img decoding=\"async\" class=\"emoji\" role=\"img\" draggable=\"false\" src=\"https:\/\/s.w.org\/images\/core\/emoji\/14.0.0\/svg\/1f447-1f3ff.svg\" alt=\"&#x1f447;&#x1f3ff;\" \/><\/span><\/span><\/p>\n<p><a href=\"http:\/\/www.joanineditora.com.br\/57-contos-e-cronicas-por-um-autor-muito-velho\">http:\/\/www.joanineditora.com.br\/57-contos-e-cronicas-por-um-autor-muito-velho<\/a><\/p>\n","protected":false},"excerpt":{"rendered":"<p>O meu sogro \u00e9 um homem muito singular. S\u00f3 para voc\u00ea ter ideia dessa singularidade, no primeiro momento em que ele me viu, foi logo perguntando quando \u00e9 que eu iria me casar com a filha dele. Tomei um baita susto, mas n\u00e3o cheguei a cair para tr\u00e1s. A minha sogra, que estava ao lado [&hellip;]<\/p>\n","protected":false},"author":2,"featured_media":338752,"comment_status":"closed","ping_status":"closed","sticky":false,"template":"","format":"standard","meta":{"_acf_changed":false,"footnotes":""},"categories":[161],"tags":[],"class_list":["post-338751","post","type-post","status-publish","format-standard","has-post-thumbnail","hentry","category-quadradinho-em-foco"],"acf":[],"_links":{"self":[{"href":"https:\/\/www.notibras.com\/site\/wp-json\/wp\/v2\/posts\/338751","targetHints":{"allow":["GET"]}}],"collection":[{"href":"https:\/\/www.notibras.com\/site\/wp-json\/wp\/v2\/posts"}],"about":[{"href":"https:\/\/www.notibras.com\/site\/wp-json\/wp\/v2\/types\/post"}],"author":[{"embeddable":true,"href":"https:\/\/www.notibras.com\/site\/wp-json\/wp\/v2\/users\/2"}],"replies":[{"embeddable":true,"href":"https:\/\/www.notibras.com\/site\/wp-json\/wp\/v2\/comments?post=338751"}],"version-history":[{"count":2,"href":"https:\/\/www.notibras.com\/site\/wp-json\/wp\/v2\/posts\/338751\/revisions"}],"predecessor-version":[{"id":338754,"href":"https:\/\/www.notibras.com\/site\/wp-json\/wp\/v2\/posts\/338751\/revisions\/338754"}],"wp:featuredmedia":[{"embeddable":true,"href":"https:\/\/www.notibras.com\/site\/wp-json\/wp\/v2\/media\/338752"}],"wp:attachment":[{"href":"https:\/\/www.notibras.com\/site\/wp-json\/wp\/v2\/media?parent=338751"}],"wp:term":[{"taxonomy":"category","embeddable":true,"href":"https:\/\/www.notibras.com\/site\/wp-json\/wp\/v2\/categories?post=338751"},{"taxonomy":"post_tag","embeddable":true,"href":"https:\/\/www.notibras.com\/site\/wp-json\/wp\/v2\/tags?post=338751"}],"curies":[{"name":"wp","href":"https:\/\/api.w.org\/{rel}","templated":true}]}}