{"id":338760,"date":"2024-10-16T00:26:22","date_gmt":"2024-10-16T03:26:22","guid":{"rendered":"https:\/\/www.notibras.com\/site\/?p=338760"},"modified":"2024-10-16T08:28:50","modified_gmt":"2024-10-16T11:28:50","slug":"servidor-federal-vai-pressionar-uniao-por-piso-salarial","status":"publish","type":"post","link":"https:\/\/www.notibras.com\/site\/servidor-federal-vai-pressionar-uniao-por-piso-salarial\/","title":{"rendered":"Servidor Federal vai pressionar Uni\u00e3o por piso salarial"},"content":{"rendered":"<p>Em um encontro agendado para o dia 21 de novembro, entidades representativas do funcionalismo federal e o Minist\u00e9rio de Gest\u00e3o e da Inova\u00e7\u00e3o dos Servi\u00e7os P\u00fablicos (MGI) ir\u00e3o debater a formula\u00e7\u00e3o de planos de cargos e carreiras para o servidor federal. Ap\u00f3s a recente negocia\u00e7\u00e3o de um reajuste salarial para os pr\u00f3ximos dois anos, o governo comprometeu-se a abrir mesas setoriais para discutir a reestrutura\u00e7\u00e3o das carreiras em todas as institui\u00e7\u00f5es federais no segundo semestre de 2024.<\/p>\n<p>O foco dessa discuss\u00e3o ser\u00e1 a revis\u00e3o e atualiza\u00e7\u00e3o dos planos de cargos e carreiras dos servidores federais, um tema central para assegurar que o funcionalismo p\u00fablico federal continue a ter condi\u00e7\u00f5es justas de trabalho e remunera\u00e7\u00e3o adequadas. O compromisso do governo inclui avaliar poss\u00edveis distor\u00e7\u00f5es e limita\u00e7\u00f5es nas atuais estruturas de carreiras, assegurando que todos os servidores federais, independentemente de seu n\u00edvel de atua\u00e7\u00e3o, sejam contemplados nas mudan\u00e7as propostas.<\/p>\n<p>Entre as diretrizes que ser\u00e3o apresentadas pelos sindicatos est\u00e3o as iniciativas para corrigir distor\u00e7\u00f5es salariais, que ao longo dos anos t\u00eam prejudicado principalmente servidores de n\u00edveis m\u00e9dio e auxiliar. Os representantes dos servidores federais t\u00eam manifestado grande preocupa\u00e7\u00e3o com pol\u00edticas que possam resultar na exclus\u00e3o ou desvaloriza\u00e7\u00e3o de cargos desses n\u00edveis. Por isso, as entidades defendem a preserva\u00e7\u00e3o e fortalecimento dos cargos de n\u00edvel m\u00e9dio e auxiliar, pois estes desempenham pap\u00e9is fundamentais na execu\u00e7\u00e3o de atividades essenciais nos servi\u00e7os p\u00fablicos federais.<\/p>\n<p>Para refor\u00e7ar essa ideia, os sindicatos sugerem a cria\u00e7\u00e3o de gratifica\u00e7\u00f5es espec\u00edficas para atividades que exigem habilidades ou responsabilidades diferenciadas, de modo a reconhecer o esfor\u00e7o e a qualifica\u00e7\u00e3o dos servidores federais. Al\u00e9m disso, h\u00e1 uma proposta de vincula\u00e7\u00e3o entre o tempo de servi\u00e7o e o reconhecimento formal da qualifica\u00e7\u00e3o profissional, algo que fortaleceria a trajet\u00f3ria de carreira dentro do servi\u00e7o p\u00fablico. Essa pol\u00edtica, segundo os sindicatos, ajudaria a combater o estancamento na progress\u00e3o funcional, incentivando o desenvolvimento cont\u00ednuo dos servidores federais.<\/p>\n<p>Outro ponto destacado pelas entidades sindicais \u00e9 a import\u00e2ncia da reinstitui\u00e7\u00e3o da ascens\u00e3o funcional. Segundo os representantes, essa medida \u00e9 vista como essencial para que os servidores federais tenham uma progress\u00e3o na carreira baseada no seu desenvolvimento e aprimoramento profissional. A ascens\u00e3o funcional, defendem, possibilita que os servidores evoluam ao longo do tempo, n\u00e3o apenas por crit\u00e9rios de tempo de servi\u00e7o, mas tamb\u00e9m considerando sua qualifica\u00e7\u00e3o e desempenho.<\/p>\n<p>Al\u00e9m disso, a cria\u00e7\u00e3o de um piso salarial est\u00e1 entre as principais propostas. O piso proposto seria atrelado ao valor do sal\u00e1rio m\u00ednimo calculado pelo Departamento Intersindical de Estat\u00edstica e Estudos Socioecon\u00f4micos (Dieese), que costuma ser superior ao sal\u00e1rio m\u00ednimo estabelecido pelo governo federal. A ideia por tr\u00e1s dessa proposta \u00e9 assegurar que os servidores federais de menor remunera\u00e7\u00e3o tenham garantido um n\u00edvel salarial que cubra suas necessidades b\u00e1sicas, considerando o custo de vida.<\/p>\n<p>Os sindicatos tamb\u00e9m prop\u00f5em uma limita\u00e7\u00e3o da diferen\u00e7a entre o menor e o maior sal\u00e1rio no servi\u00e7o p\u00fablico federal. Essa medida visa combater a amplia\u00e7\u00e3o das desigualdades salariais dentro do funcionalismo p\u00fablico, garantindo que todos os servidores federais sejam mais equitativamente remunerados. A disparidade excessiva entre sal\u00e1rios pode gerar desmotiva\u00e7\u00e3o e, segundo as entidades, prejudica o funcionamento dos servi\u00e7os p\u00fablicos.<\/p>\n<p>Outra demanda relevante apresentada pela Condsef\/Fenadsef \u00e9 a implementa\u00e7\u00e3o de um teto salarial equivalente ao sal\u00e1rio dos Ministros do Supremo Tribunal Federal (STF). Isso traria mais uniformidade aos rendimentos no servi\u00e7o p\u00fablico federal, evitando que alguns setores tenham remunera\u00e7\u00f5es muito superiores a outras categorias.<\/p>\n<p>A Condsef\/Fenadsef tamb\u00e9m defende o fortalecimento dos concursos p\u00fablicos como principal forma de ingresso no servi\u00e7o p\u00fablico federal. Para as entidades sindicais, os concursos s\u00e3o a maneira mais justa e transparente de selecionar novos servidores, al\u00e9m de garantir que os cargos sejam ocupados por profissionais qualificados e comprometidos. A preserva\u00e7\u00e3o dos direitos dos aposentados e pensionistas tamb\u00e9m \u00e9 uma prioridade, uma vez que muitos deles dependem diretamente dos benef\u00edcios conquistados ao longo de suas carreiras para manter sua qualidade de vida.<\/p>\n<p>No entanto, as negocia\u00e7\u00f5es com o governo t\u00eam enfrentado desafios. Segundo a Condsef\/Fenadsef, o Minist\u00e9rio de Gest\u00e3o e da Inova\u00e7\u00e3o dos Servi\u00e7os P\u00fablicos tem adotado uma postura tecnocr\u00e1tica, concentrando seus esfor\u00e7os em atender apenas a determinados setores do servi\u00e7o p\u00fablico federal, em detrimento de outros. Essa atitude \u00e9 vista pelos sindicalistas como um obst\u00e1culo para a implementa\u00e7\u00e3o de pol\u00edticas mais abrangentes, que beneficiem todos os servidores federais de maneira equitativa.<\/p>\n<p>Diante disso, a Condsef\/Fenadsef est\u00e1 buscando uma reuni\u00e3o com o presidente Lula, prevista para o dia 28 de outubro, data em que se celebra o Dia do Servidor P\u00fablico. O objetivo dessa reuni\u00e3o \u00e9 discutir diretamente com o presidente as pautas priorit\u00e1rias dos servidores federais e buscar solu\u00e7\u00f5es que atendam \u00e0s demandas apresentadas pelas entidades sindicais.<\/p>\n<p>Essa reuni\u00e3o \u00e9 vista como crucial para avan\u00e7ar nas negocia\u00e7\u00f5es e encontrar um meio-termo que seja satisfat\u00f3rio tanto para o governo quanto para os servidores federais.<\/p>\n","protected":false},"excerpt":{"rendered":"<p>Em um encontro agendado para o dia 21 de novembro, entidades representativas do funcionalismo federal e o Minist\u00e9rio de Gest\u00e3o e da Inova\u00e7\u00e3o dos Servi\u00e7os P\u00fablicos (MGI) ir\u00e3o debater a formula\u00e7\u00e3o de planos de cargos e carreiras para o servidor federal. Ap\u00f3s a recente negocia\u00e7\u00e3o de um reajuste salarial para os pr\u00f3ximos dois anos, o [&hellip;]<\/p>\n","protected":false},"author":2,"featured_media":312146,"comment_status":"closed","ping_status":"closed","sticky":false,"template":"","format":"standard","meta":{"_acf_changed":false,"footnotes":""},"categories":[161],"tags":[],"class_list":["post-338760","post","type-post","status-publish","format-standard","has-post-thumbnail","hentry","category-quadradinho-em-foco"],"acf":[],"_links":{"self":[{"href":"https:\/\/www.notibras.com\/site\/wp-json\/wp\/v2\/posts\/338760","targetHints":{"allow":["GET"]}}],"collection":[{"href":"https:\/\/www.notibras.com\/site\/wp-json\/wp\/v2\/posts"}],"about":[{"href":"https:\/\/www.notibras.com\/site\/wp-json\/wp\/v2\/types\/post"}],"author":[{"embeddable":true,"href":"https:\/\/www.notibras.com\/site\/wp-json\/wp\/v2\/users\/2"}],"replies":[{"embeddable":true,"href":"https:\/\/www.notibras.com\/site\/wp-json\/wp\/v2\/comments?post=338760"}],"version-history":[{"count":1,"href":"https:\/\/www.notibras.com\/site\/wp-json\/wp\/v2\/posts\/338760\/revisions"}],"predecessor-version":[{"id":338761,"href":"https:\/\/www.notibras.com\/site\/wp-json\/wp\/v2\/posts\/338760\/revisions\/338761"}],"wp:featuredmedia":[{"embeddable":true,"href":"https:\/\/www.notibras.com\/site\/wp-json\/wp\/v2\/media\/312146"}],"wp:attachment":[{"href":"https:\/\/www.notibras.com\/site\/wp-json\/wp\/v2\/media?parent=338760"}],"wp:term":[{"taxonomy":"category","embeddable":true,"href":"https:\/\/www.notibras.com\/site\/wp-json\/wp\/v2\/categories?post=338760"},{"taxonomy":"post_tag","embeddable":true,"href":"https:\/\/www.notibras.com\/site\/wp-json\/wp\/v2\/tags?post=338760"}],"curies":[{"name":"wp","href":"https:\/\/api.w.org\/{rel}","templated":true}]}}