{"id":338768,"date":"2024-10-16T08:50:08","date_gmt":"2024-10-16T11:50:08","guid":{"rendered":"https:\/\/www.notibras.com\/site\/?p=338768"},"modified":"2024-10-17T07:37:29","modified_gmt":"2024-10-17T10:37:29","slug":"carmen-lucia-afirma-que-voto-e-instrumento-da-democracia","status":"publish","type":"post","link":"https:\/\/www.notibras.com\/site\/carmen-lucia-afirma-que-voto-e-instrumento-da-democracia\/","title":{"rendered":"C\u00e1rmen L\u00facia afirma que voto \u00e9 instrumento da democracia"},"content":{"rendered":"<p>A presidente do Tribunal Superior Eleitoral (TSE), ministra C\u00e1rmen L\u00facia, afirmou nesta ter\u00e7a-feira (15) que o voto \u00e9 um instrumento de realiza\u00e7\u00e3o efetiva da democracia.<\/p>\n<p>A ministra refor\u00e7ou a import\u00e2ncia da democracia no pa\u00eds e do direito ao voto livre durante a abertura de uma exposi\u00e7\u00e3o no TSE que conta a hist\u00f3ria do voto popular.<\/p>\n<p>&#8220;O voto \u00e9 um instrumento democr\u00e1tico para transformar nossos lugares onde a gente vive, nossos espa\u00e7os de conviv\u00eancia pol\u00edtica. Enfim, de realiza\u00e7\u00e3o efetiva da democracia&#8221;, afirmou.<\/p>\n<p>C\u00e1rmen L\u00facia tamb\u00e9m lembrou que o direito de todo cidad\u00e3o votar foi uma conquista &#8220;preciosa e dif\u00edcil no pa\u00eds&#8221;.<\/p>\n<p>\u201cN\u00f3s lutamos muito para ter direito ao voto secreto, universal, peri\u00f3dico, e, principalmente, livre\u201d, completou.<\/p>\n","protected":false},"excerpt":{"rendered":"<p>A presidente do Tribunal Superior Eleitoral (TSE), ministra C\u00e1rmen L\u00facia, afirmou nesta ter\u00e7a-feira (15) que o voto \u00e9 um instrumento de realiza\u00e7\u00e3o efetiva da democracia. A ministra refor\u00e7ou a import\u00e2ncia da democracia no pa\u00eds e do direito ao voto livre durante a abertura de uma exposi\u00e7\u00e3o no TSE que conta a hist\u00f3ria do voto popular. [&hellip;]<\/p>\n","protected":false},"author":2,"featured_media":338769,"comment_status":"closed","ping_status":"closed","sticky":false,"template":"","format":"standard","meta":{"_acf_changed":false,"footnotes":""},"categories":[165],"tags":[],"class_list":["post-338768","post","type-post","status-publish","format-standard","has-post-thumbnail","hentry","category-nordeste"],"acf":[],"_links":{"self":[{"href":"https:\/\/www.notibras.com\/site\/wp-json\/wp\/v2\/posts\/338768","targetHints":{"allow":["GET"]}}],"collection":[{"href":"https:\/\/www.notibras.com\/site\/wp-json\/wp\/v2\/posts"}],"about":[{"href":"https:\/\/www.notibras.com\/site\/wp-json\/wp\/v2\/types\/post"}],"author":[{"embeddable":true,"href":"https:\/\/www.notibras.com\/site\/wp-json\/wp\/v2\/users\/2"}],"replies":[{"embeddable":true,"href":"https:\/\/www.notibras.com\/site\/wp-json\/wp\/v2\/comments?post=338768"}],"version-history":[{"count":1,"href":"https:\/\/www.notibras.com\/site\/wp-json\/wp\/v2\/posts\/338768\/revisions"}],"predecessor-version":[{"id":338770,"href":"https:\/\/www.notibras.com\/site\/wp-json\/wp\/v2\/posts\/338768\/revisions\/338770"}],"wp:featuredmedia":[{"embeddable":true,"href":"https:\/\/www.notibras.com\/site\/wp-json\/wp\/v2\/media\/338769"}],"wp:attachment":[{"href":"https:\/\/www.notibras.com\/site\/wp-json\/wp\/v2\/media?parent=338768"}],"wp:term":[{"taxonomy":"category","embeddable":true,"href":"https:\/\/www.notibras.com\/site\/wp-json\/wp\/v2\/categories?post=338768"},{"taxonomy":"post_tag","embeddable":true,"href":"https:\/\/www.notibras.com\/site\/wp-json\/wp\/v2\/tags?post=338768"}],"curies":[{"name":"wp","href":"https:\/\/api.w.org\/{rel}","templated":true}]}}