{"id":338810,"date":"2024-10-17T00:02:41","date_gmt":"2024-10-17T03:02:41","guid":{"rendered":"https:\/\/www.notibras.com\/site\/?p=338810"},"modified":"2024-10-17T07:11:28","modified_gmt":"2024-10-17T10:11:28","slug":"lula-ameniza-criticas-e-descarta-mexer-nos-ministros-que-sao-nordestinos","status":"publish","type":"post","link":"https:\/\/www.notibras.com\/site\/lula-ameniza-criticas-e-descarta-mexer-nos-ministros-que-sao-nordestinos\/","title":{"rendered":"Lula ameniza cr\u00edticas e descarta mexer nos ministros que s\u00e3o nordestinos"},"content":{"rendered":"<p>O presidente Luiz In\u00e1cio Lula da Silva cumpriu agenda p\u00fablica nesta quarta-feira (16), em Natal, para anunciar uma s\u00e9rie de investimentos com recursos federais para o estado e munic\u00edpios do Rio Grande do Norte, nas \u00e1reas de saneamento, educa\u00e7\u00e3o, mobilidade urbana, obras de infraestrutura e moradia.<\/p>\n<p>Ao lado de ministros, Lula fez quest\u00e3o de elogiar, um a um, os que estavam presentes na cerim\u00f4nia, incluindo Camilo Santana (Educa\u00e7\u00e3o), Wellington Dias (Desenvolvimento e Assist\u00eancia Social), J\u00e1der Barbalho Filho (Cidades), Renan Filho (Transportes), S\u00edlvio Costa Filho (Portos e Aeroportos), al\u00e9m do ex-governador de Pernambuco e atual presidente do Banco do Nordeste (BNB), Paulo C\u00e2mara, e do presidente da Caixa Econ\u00f4mica Federal, Carlos Vieira.<\/p>\n<p>&#8220;S\u00f3 \u00e9 poss\u00edvel um governo ser bom se ele tiver bons ministros. Se um maestro n\u00e3o tiver bons m\u00fasicos, ele n\u00e3o ser\u00e1 um grande maestro. Se um t\u00e9cnico de futebol n\u00e3o tiver grandes jogadores, ele n\u00e3o ser\u00e1 um grande t\u00e9cnico de futebol&#8221;, comparou o presidente.<\/p>\n<p>Lula fez quest\u00e3o de garantir a continuidade de seu time ministerial, em meio a rumores recorrentes de que poderia fazer uma reforma no primeiro escal\u00e3o.<\/p>\n<p>&#8220;A equipe \u00e9 das mais extraordin\u00e1rias que tem. Voc\u00eas percebem que, poucas vezes, a imprensa trata: &#8216;o Lula vai mudar minist\u00e9rio?&#8217;. Ningu\u00e9m p\u00e9rgunta mais. Porque, no mandato passado, todo dia eu tinha que responder se vou trocar minist\u00e9rio. Eu n\u00e3o tenho nenhum interesse e nenhuma pressa em mexer no time que est\u00e1 ganhando&#8221;, destacou.<\/p>\n<p>Ao todo, os recursos anunciados somam R$ 640 milh\u00f5es. A maior parte, no valor de R$ 409 milh\u00f5es, ser\u00e3o usados em obras de esgotamento sanit\u00e1rio nos munic\u00edpios potiguares de A\u00e7u, Apodi, Natal, Parnamirim e S\u00e3o Paulo do Potengi, sendo R$ 327,4 milh\u00f5es de recursos financiados pelo BNB, e outros R$ 52 milh\u00f5es, de or\u00e7amento do Novo PAC, para tratamento das \u00e1guas de esgoto que des\u00e1guam no Rio Apodi. Ap\u00f3s a conclus\u00e3o das obras, o governo estima que o saneamento b\u00e1sico da \u00e1rea metropolitana de Natal vai atender 1,3 milh\u00e3o de pessoas.<\/p>\n<p>Foram anunciados recursos de R$ 47 milh\u00f5es do Novo PAC para as obras das defensas na Ponte Newton Navarro, que fica sobre o Rio Potengi. As defensas s\u00e3o estruturas que protegem os pilares da ponte contra eventuais choques de embarca\u00e7\u00f5es que acessam o Porto de Natal, o mais importante do estado.<\/p>\n<p>&#8220;Eu acho que o presidente da Rep\u00fablica tem que entender que os entes federados, munic\u00edpios e estados, t\u00eam que ter chance de crescer, de progredir. As pessoas querem melhorar de vida&#8221;, refor\u00e7ou Lula, ao defender os investimentos. Ele pediu que a imprensa ajude a fiscalizar a efetiva realiza\u00e7\u00e3o dos empreendimentos. &#8220;Me ajudem a acompanhar as promessas que fizemos aqui, se as coisas que n\u00f3s prometemos aqui v\u00e3o acontecer.<\/p>\n<p><strong>Educa\u00e7\u00e3o e transporte<\/strong><br \/>\nNa \u00e1rea de educa\u00e7\u00e3o, foram lan\u00e7adas as obras de constru\u00e7\u00e3o de tr\u00eas novos campi de Instituto Federais nas cidades de S\u00e3o Miguel, Touros e Umarizal. Para cada campus, segundo o governo, ser\u00e3o destinados R$ 25 milh\u00f5es, sendo R$ 15 milh\u00f5es para as obras e R$ 10 milh\u00f5es para os equipamentos.<\/p>\n<p>Ao todo, o Novo PAC ir\u00e1 criar 100 novos campi, somando-se \u00e0s 682 unidades da rede federal j\u00e1 existentes, com um investimento previsto de R$ 2,5 bilh\u00f5es e capacidade de gerar 140 mil novas matr\u00edculas.<\/p>\n<p>Para o setor de transporte, foi anunciado o projeto de implanta\u00e7\u00e3o do Corredor de \u00d4nibus na Av. das Fronteiras, em Natal. A obra foi contemplada pelo Novo PAC Sele\u00e7\u00f5es, no eixo Cidades Sustent\u00e1veis e Resilientes e contar\u00e1 com investimentos de R$ 33 milh\u00f5es da Uni\u00e3o.<\/p>\n<p>O empreendimento, que dever\u00e1 beneficiar mais de 600 mil pessoas, entre Natal e munic\u00edpios da Regi\u00e3o Metropolitana Norte, compreende a continua\u00e7\u00e3o do corredor de \u00f4nibus na Av. Tocat\u00ednea at\u00e9 a BR 101, com 2,5 quil\u00f4metros de extens\u00e3o.<\/p>\n<p>O Minist\u00e9rio dos Transportes tamb\u00e9m anunciou a realiza\u00e7\u00e3o de licita\u00e7\u00e3o para a duplica\u00e7\u00e3o da rodovia BR-304, que liga Natal \u00e0 Mossor\u00f3, a segunda maior cidade do estado. &#8220;A duplica\u00e7\u00e3o da BR-304 \u00e9 fundamental, primeiro, para garantir o bem-estar e a seguran\u00e7a das pessoas, e \u00e9 fundamental para promover um novo ciclo de desenvolvimento para o Rio Grande do Norte&#8221;, comemorou a governadora, F\u00e1tima Bezerra.<\/p>\n<p><strong>Cisternas e moradias<\/strong><br \/>\nA cerim\u00f4nia marcou a assinatura de edital para contrata\u00e7\u00e3o de entidades respons\u00e1veis pela constru\u00e7\u00e3o de 2.487 cisternas no estado, no valor de R$ 15,4 milh\u00f5es. As obras s\u00e3o contratadas pelo gest\u00e3o estadual. As cisternas de placa de 16 mil litros ser\u00e3o constru\u00eddas em 24 munic\u00edpios potiguares<\/p>\n<p>Durante o evento, foi autorizada a contrata\u00e7\u00e3o de 400 unidades habitacionais do Minha Casa Minha Vida, na modalidade Fundo de Arrendamento Residencial (FAR), sendo 224 no Residencial Lagoa Azul II e 176 no Residencial \u00c1gua Marinha, ambas na capital do estado. Para o empreendimento, ser\u00e3o destinados R$ 65,3 milh\u00f5es.<\/p>\n","protected":false},"excerpt":{"rendered":"<p>O presidente Luiz In\u00e1cio Lula da Silva cumpriu agenda p\u00fablica nesta quarta-feira (16), em Natal, para anunciar uma s\u00e9rie de investimentos com recursos federais para o estado e munic\u00edpios do Rio Grande do Norte, nas \u00e1reas de saneamento, educa\u00e7\u00e3o, mobilidade urbana, obras de infraestrutura e moradia. Ao lado de ministros, Lula fez quest\u00e3o de elogiar, [&hellip;]<\/p>\n","protected":false},"author":2,"featured_media":338811,"comment_status":"closed","ping_status":"closed","sticky":false,"template":"","format":"standard","meta":{"_acf_changed":false,"footnotes":""},"categories":[165],"tags":[],"class_list":["post-338810","post","type-post","status-publish","format-standard","has-post-thumbnail","hentry","category-nordeste"],"acf":[],"_links":{"self":[{"href":"https:\/\/www.notibras.com\/site\/wp-json\/wp\/v2\/posts\/338810","targetHints":{"allow":["GET"]}}],"collection":[{"href":"https:\/\/www.notibras.com\/site\/wp-json\/wp\/v2\/posts"}],"about":[{"href":"https:\/\/www.notibras.com\/site\/wp-json\/wp\/v2\/types\/post"}],"author":[{"embeddable":true,"href":"https:\/\/www.notibras.com\/site\/wp-json\/wp\/v2\/users\/2"}],"replies":[{"embeddable":true,"href":"https:\/\/www.notibras.com\/site\/wp-json\/wp\/v2\/comments?post=338810"}],"version-history":[{"count":1,"href":"https:\/\/www.notibras.com\/site\/wp-json\/wp\/v2\/posts\/338810\/revisions"}],"predecessor-version":[{"id":338812,"href":"https:\/\/www.notibras.com\/site\/wp-json\/wp\/v2\/posts\/338810\/revisions\/338812"}],"wp:featuredmedia":[{"embeddable":true,"href":"https:\/\/www.notibras.com\/site\/wp-json\/wp\/v2\/media\/338811"}],"wp:attachment":[{"href":"https:\/\/www.notibras.com\/site\/wp-json\/wp\/v2\/media?parent=338810"}],"wp:term":[{"taxonomy":"category","embeddable":true,"href":"https:\/\/www.notibras.com\/site\/wp-json\/wp\/v2\/categories?post=338810"},{"taxonomy":"post_tag","embeddable":true,"href":"https:\/\/www.notibras.com\/site\/wp-json\/wp\/v2\/tags?post=338810"}],"curies":[{"name":"wp","href":"https:\/\/api.w.org\/{rel}","templated":true}]}}