{"id":338816,"date":"2024-10-17T00:00:25","date_gmt":"2024-10-17T03:00:25","guid":{"rendered":"https:\/\/www.notibras.com\/site\/?p=338816"},"modified":"2024-10-17T07:43:08","modified_gmt":"2024-10-17T10:43:08","slug":"consorcio-nordeste-cria-comite-para-monitorar-emergencias-climaticas","status":"publish","type":"post","link":"https:\/\/www.notibras.com\/site\/consorcio-nordeste-cria-comite-para-monitorar-emergencias-climaticas\/","title":{"rendered":"Cons\u00f3rcio Nordeste cria comit\u00ea para monitorar emerg\u00eancias clim\u00e1ticas"},"content":{"rendered":"<p>O Cons\u00f3rcio Nordeste anunciou, para esta quinta-feira (17), a instala\u00e7\u00e3o de um comit\u00ea que pretende monitorar e enfrentar situa\u00e7\u00f5es de emerg\u00eancia clim\u00e1tica nos nove estados nordestinos que o comp\u00f5em. A expectativa \u00e9 a de viabilizar assessoramento t\u00e9cnico especializado a seus nove estados-membros, al\u00e9m de promover coopera\u00e7\u00f5es e estruturar pol\u00edticas p\u00fablicas que fortale\u00e7am a resili\u00eancia clim\u00e1tica do Nordeste.<\/p>\n<p>O Comit\u00ea Cient\u00edfico de Monitoramento e Enfrentamento das Emerg\u00eancias Clim\u00e1ticas (CC-MEEC) ser\u00e1 composto por dois representantes de cada estado, visando a uma atua\u00e7\u00e3o conjunta para o enfrentamento dos desafios clim\u00e1ticos cada vez mais presentes no cotidiano desta e de outras regi\u00f5es do pa\u00eds.<\/p>\n<p>Por meio de nota, o cons\u00f3rcio informou que a \u201ca iniciativa reflete a preocupa\u00e7\u00e3o dos governadores e governadoras da regi\u00e3o com o atual cen\u00e1rio de emerg\u00eancias clim\u00e1ticas e refor\u00e7a a abordagem cient\u00edfica em quest\u00f5es essenciais para o pa\u00eds, como j\u00e1 foi demonstrado no combate \u00e0 pandemia\u201d,<\/p>\n<p>\u201cEstudo do Programa das Na\u00e7\u00f5es Unidas para o Desenvolvimento (PNUD) mostra que se o Brasil tivesse seguido as diretrizes do Comit\u00ea Cient\u00edfico do Nordeste que foram aplicadas pelos governadores da regi\u00e3o em seus estados, 250 mil vidas poderiam ter sido salvas, evidenciando o impacto positivo da ci\u00eancia na preserva\u00e7\u00e3o de vidas\u201d, acrescenta o texto.<\/p>\n<p>O comit\u00ea ser\u00e1 coordenado pela ge\u00f3loga e professora titular da Universidade Federal da Bahia (UFBA) Ol\u00edvia Maria Cordeiro de Oliveira.<\/p>\n","protected":false},"excerpt":{"rendered":"<p>O Cons\u00f3rcio Nordeste anunciou, para esta quinta-feira (17), a instala\u00e7\u00e3o de um comit\u00ea que pretende monitorar e enfrentar situa\u00e7\u00f5es de emerg\u00eancia clim\u00e1tica nos nove estados nordestinos que o comp\u00f5em. A expectativa \u00e9 a de viabilizar assessoramento t\u00e9cnico especializado a seus nove estados-membros, al\u00e9m de promover coopera\u00e7\u00f5es e estruturar pol\u00edticas p\u00fablicas que fortale\u00e7am a resili\u00eancia clim\u00e1tica [&hellip;]<\/p>\n","protected":false},"author":2,"featured_media":338817,"comment_status":"closed","ping_status":"closed","sticky":false,"template":"","format":"standard","meta":{"_acf_changed":false,"footnotes":""},"categories":[165],"tags":[],"class_list":["post-338816","post","type-post","status-publish","format-standard","has-post-thumbnail","hentry","category-nordeste"],"acf":[],"_links":{"self":[{"href":"https:\/\/www.notibras.com\/site\/wp-json\/wp\/v2\/posts\/338816","targetHints":{"allow":["GET"]}}],"collection":[{"href":"https:\/\/www.notibras.com\/site\/wp-json\/wp\/v2\/posts"}],"about":[{"href":"https:\/\/www.notibras.com\/site\/wp-json\/wp\/v2\/types\/post"}],"author":[{"embeddable":true,"href":"https:\/\/www.notibras.com\/site\/wp-json\/wp\/v2\/users\/2"}],"replies":[{"embeddable":true,"href":"https:\/\/www.notibras.com\/site\/wp-json\/wp\/v2\/comments?post=338816"}],"version-history":[{"count":1,"href":"https:\/\/www.notibras.com\/site\/wp-json\/wp\/v2\/posts\/338816\/revisions"}],"predecessor-version":[{"id":338818,"href":"https:\/\/www.notibras.com\/site\/wp-json\/wp\/v2\/posts\/338816\/revisions\/338818"}],"wp:featuredmedia":[{"embeddable":true,"href":"https:\/\/www.notibras.com\/site\/wp-json\/wp\/v2\/media\/338817"}],"wp:attachment":[{"href":"https:\/\/www.notibras.com\/site\/wp-json\/wp\/v2\/media?parent=338816"}],"wp:term":[{"taxonomy":"category","embeddable":true,"href":"https:\/\/www.notibras.com\/site\/wp-json\/wp\/v2\/categories?post=338816"},{"taxonomy":"post_tag","embeddable":true,"href":"https:\/\/www.notibras.com\/site\/wp-json\/wp\/v2\/tags?post=338816"}],"curies":[{"name":"wp","href":"https:\/\/api.w.org\/{rel}","templated":true}]}}