{"id":338898,"date":"2024-10-19T00:32:59","date_gmt":"2024-10-19T03:32:59","guid":{"rendered":"https:\/\/www.notibras.com\/site\/?p=338898"},"modified":"2024-10-19T07:34:47","modified_gmt":"2024-10-19T10:34:47","slug":"moraes-suspende-nomeacao-de-parentes-do-governador","status":"publish","type":"post","link":"https:\/\/www.notibras.com\/site\/moraes-suspende-nomeacao-de-parentes-do-governador\/","title":{"rendered":"Moraes suspende nomea\u00e7\u00e3o de parentes do governador"},"content":{"rendered":"<p>O ministro Alexandre de Moraes, do Supremo Tribunal Federal (STF), determinou a suspens\u00e3o das nomea\u00e7\u00f5es de cinco parentes do governador do Maranh\u00e3o, Carlos Brand\u00e3o, para o governo estadual.<\/p>\n<p>A decis\u00e3o estabelece o afastamento de Mariana Braide Brand\u00e3o Carvalho, coordenadora da Secretaria de Sa\u00fade (sobrinha); Melissa Correia Lima de Mesquita Buzar (cunhada); Elias Moura Neto, gerente da Companhia de G\u00e1s do Maranh\u00e3o (concunhado); \u00cdtalo Augusto Reis Carvalho, subsecret\u00e1rio da Secretaria de Infraestrutura (marido de uma sobrinha do governador) e de Gilberto Lins Neto, diretor da Empresa Maranhense de Administra\u00e7\u00e3o Portu\u00e1ria (marido de uma sobrinha).<\/p>\n<p>A decis\u00e3o do ministro foi motivada por uma a\u00e7\u00e3o protocolada no STF pelo partido Solidariedade para derrubar as nomea\u00e7\u00f5es. A legenda alegou que 14 parentes do governador foram colocados no governo de forma ilegal, desrespeitando as decis\u00f5es da Corte que impedem o nepotismo no servi\u00e7o p\u00fablico.<\/p>\n<p><strong>Conceito<\/strong><br \/>\nAo analisar a quest\u00e3o, Moraes concedeu parcialmente a liminar para afastar somente cinco parentes que est\u00e3o irregulares. Em rela\u00e7\u00e3o aos demais citados no processo, o ministro entendeu que as nomea\u00e7\u00f5es est\u00e3o dentro da lei.<\/p>\n<p>No entendimento do ministro, os cinco parentes foram nomeados para o segundo escal\u00e3o do governo e n\u00e3o se enquadram no conceito de cargo pol\u00edtico, que permite a nomea\u00e7\u00e3o de parentes.<\/p>\n<p>&#8220;A pr\u00e1tica do nepotismo \u00e9 injustific\u00e1vel em nossa realidade atual, \u00e9 imoral, fere a \u00e9tica institucional que deve reger os poderes do Estado, pois fere o senso de razoabilidade da comunidade a utiliza\u00e7\u00e3o de cargos p\u00fablicos para o favorecimento familiar e garantia de empregabilidade dom\u00e9stica&#8221;, afirmou o ministro.<\/p>\n","protected":false},"excerpt":{"rendered":"<p>O ministro Alexandre de Moraes, do Supremo Tribunal Federal (STF), determinou a suspens\u00e3o das nomea\u00e7\u00f5es de cinco parentes do governador do Maranh\u00e3o, Carlos Brand\u00e3o, para o governo estadual. A decis\u00e3o estabelece o afastamento de Mariana Braide Brand\u00e3o Carvalho, coordenadora da Secretaria de Sa\u00fade (sobrinha); Melissa Correia Lima de Mesquita Buzar (cunhada); Elias Moura Neto, gerente [&hellip;]<\/p>\n","protected":false},"author":2,"featured_media":338899,"comment_status":"closed","ping_status":"closed","sticky":false,"template":"","format":"standard","meta":{"_acf_changed":false,"footnotes":""},"categories":[165],"tags":[],"class_list":["post-338898","post","type-post","status-publish","format-standard","has-post-thumbnail","hentry","category-nordeste"],"acf":[],"_links":{"self":[{"href":"https:\/\/www.notibras.com\/site\/wp-json\/wp\/v2\/posts\/338898","targetHints":{"allow":["GET"]}}],"collection":[{"href":"https:\/\/www.notibras.com\/site\/wp-json\/wp\/v2\/posts"}],"about":[{"href":"https:\/\/www.notibras.com\/site\/wp-json\/wp\/v2\/types\/post"}],"author":[{"embeddable":true,"href":"https:\/\/www.notibras.com\/site\/wp-json\/wp\/v2\/users\/2"}],"replies":[{"embeddable":true,"href":"https:\/\/www.notibras.com\/site\/wp-json\/wp\/v2\/comments?post=338898"}],"version-history":[{"count":1,"href":"https:\/\/www.notibras.com\/site\/wp-json\/wp\/v2\/posts\/338898\/revisions"}],"predecessor-version":[{"id":338900,"href":"https:\/\/www.notibras.com\/site\/wp-json\/wp\/v2\/posts\/338898\/revisions\/338900"}],"wp:featuredmedia":[{"embeddable":true,"href":"https:\/\/www.notibras.com\/site\/wp-json\/wp\/v2\/media\/338899"}],"wp:attachment":[{"href":"https:\/\/www.notibras.com\/site\/wp-json\/wp\/v2\/media?parent=338898"}],"wp:term":[{"taxonomy":"category","embeddable":true,"href":"https:\/\/www.notibras.com\/site\/wp-json\/wp\/v2\/categories?post=338898"},{"taxonomy":"post_tag","embeddable":true,"href":"https:\/\/www.notibras.com\/site\/wp-json\/wp\/v2\/tags?post=338898"}],"curies":[{"name":"wp","href":"https:\/\/api.w.org\/{rel}","templated":true}]}}