{"id":338921,"date":"2024-10-19T00:01:36","date_gmt":"2024-10-19T03:01:36","guid":{"rendered":"https:\/\/www.notibras.com\/site\/?p=338921"},"modified":"2024-10-19T08:41:13","modified_gmt":"2024-10-19T11:41:13","slug":"premio-bicicleta-brasil-seleciona-76-iniciativas-de-todo-pais","status":"publish","type":"post","link":"https:\/\/www.notibras.com\/site\/premio-bicicleta-brasil-seleciona-76-iniciativas-de-todo-pais\/","title":{"rendered":"Pr\u00eamio Bicicleta Brasil seleciona 76 iniciativas de todo pa\u00eds"},"content":{"rendered":"<p>O Minist\u00e9rio das Cidades publicou no Di\u00e1rio Oficial da Uni\u00e3o as 76 iniciativas habilitadas para a fase de julgamento t\u00e9cnico do Pr\u00eamio Bicicleta Brasil. Todos os projetos v\u00e3o receber o Selo Bicicleta Brasil, um s\u00edmbolo de reconhecimento de boas pr\u00e1ticas que incentivem o uso da bicicleta pelo pa\u00eds.<\/p>\n<p>As iniciativas s\u00e3o de 15 estados, sendo os l\u00edderes em quantidade de projetos o Rio de Janeiro, Pernambuco e S\u00e3o Paulo.<\/p>\n<p>\u201cTemos projetos de aldeias ind\u00edgenas, de \u00e1reas rurais, de periferias, de cidades m\u00e9dias, grandes. Isso representa uma gama de boas ideias que v\u00e3o inspirar outras boas ideias em diversos cantos do pa\u00eds\u201d, disse, em nota, o secret\u00e1rio Nacional de Mobilidade Urbana, Denis Andia.<\/p>\n<p>\u201cAssim, a bicicleta avan\u00e7a em dire\u00e7\u00e3o ao desenvolvimento de um transporte p\u00fablico integrado e menos poluente\u201d, acrescentou.<\/p>\n<p>Ap\u00f3s a fase de avalia\u00e7\u00e3o das iniciativas, os vencedores receber\u00e3o trof\u00e9us e certificados e, para as organiza\u00e7\u00f5es da sociedade civil, haver\u00e1 ainda recompensas em dinheiro. O primeiro lugar de cada categoria ser\u00e1 premiado com R$ 50 mil, o segundo com R$ 20 mil e o terceiro com R$ 5 mil.<\/p>\n<p>A premia\u00e7\u00e3o \u00e9 dividida em seis categorias: Incentivo ao Uso da Bicicleta; Fomento \u00e0 Cultura da Bicicleta; Projetos, Planos, Programa e Urbaniza\u00e7\u00e3o; Mobiliza\u00e7\u00e3o e Incid\u00eancia Pol\u00edtica; Seguran\u00e7a Vi\u00e1ria e Sistemas de Informa\u00e7\u00e3o e Redes.<\/p>\n","protected":false},"excerpt":{"rendered":"<p>O Minist\u00e9rio das Cidades publicou no Di\u00e1rio Oficial da Uni\u00e3o as 76 iniciativas habilitadas para a fase de julgamento t\u00e9cnico do Pr\u00eamio Bicicleta Brasil. Todos os projetos v\u00e3o receber o Selo Bicicleta Brasil, um s\u00edmbolo de reconhecimento de boas pr\u00e1ticas que incentivem o uso da bicicleta pelo pa\u00eds. As iniciativas s\u00e3o de 15 estados, sendo [&hellip;]<\/p>\n","protected":false},"author":2,"featured_media":338922,"comment_status":"closed","ping_status":"closed","sticky":false,"template":"","format":"standard","meta":{"_acf_changed":false,"footnotes":""},"categories":[165],"tags":[],"class_list":["post-338921","post","type-post","status-publish","format-standard","has-post-thumbnail","hentry","category-nordeste"],"acf":[],"_links":{"self":[{"href":"https:\/\/www.notibras.com\/site\/wp-json\/wp\/v2\/posts\/338921","targetHints":{"allow":["GET"]}}],"collection":[{"href":"https:\/\/www.notibras.com\/site\/wp-json\/wp\/v2\/posts"}],"about":[{"href":"https:\/\/www.notibras.com\/site\/wp-json\/wp\/v2\/types\/post"}],"author":[{"embeddable":true,"href":"https:\/\/www.notibras.com\/site\/wp-json\/wp\/v2\/users\/2"}],"replies":[{"embeddable":true,"href":"https:\/\/www.notibras.com\/site\/wp-json\/wp\/v2\/comments?post=338921"}],"version-history":[{"count":1,"href":"https:\/\/www.notibras.com\/site\/wp-json\/wp\/v2\/posts\/338921\/revisions"}],"predecessor-version":[{"id":338923,"href":"https:\/\/www.notibras.com\/site\/wp-json\/wp\/v2\/posts\/338921\/revisions\/338923"}],"wp:featuredmedia":[{"embeddable":true,"href":"https:\/\/www.notibras.com\/site\/wp-json\/wp\/v2\/media\/338922"}],"wp:attachment":[{"href":"https:\/\/www.notibras.com\/site\/wp-json\/wp\/v2\/media?parent=338921"}],"wp:term":[{"taxonomy":"category","embeddable":true,"href":"https:\/\/www.notibras.com\/site\/wp-json\/wp\/v2\/categories?post=338921"},{"taxonomy":"post_tag","embeddable":true,"href":"https:\/\/www.notibras.com\/site\/wp-json\/wp\/v2\/tags?post=338921"}],"curies":[{"name":"wp","href":"https:\/\/api.w.org\/{rel}","templated":true}]}}