{"id":338927,"date":"2024-10-19T00:00:48","date_gmt":"2024-10-19T03:00:48","guid":{"rendered":"https:\/\/www.notibras.com\/site\/?p=338927"},"modified":"2024-10-19T08:53:27","modified_gmt":"2024-10-19T11:53:27","slug":"distrital-denuncia-e-tcdf-poe-pressao-sobre-o-buriti","status":"publish","type":"post","link":"https:\/\/www.notibras.com\/site\/distrital-denuncia-e-tcdf-poe-pressao-sobre-o-buriti\/","title":{"rendered":"Distrital denuncia e TCDF p\u00f5e press\u00e3o sobre o Buriti"},"content":{"rendered":"<p>O Tribunal de Contas do Distrito Federal deu um prazo de 10 dias para que a Secretaria de Meio Ambiente (Sema\/DF) e o Instituto Bras\u00edlia Ambiental (Ibram) respondam sobre poss\u00edveis falhas no planejamento e na publicidade de medidas para combater inc\u00eandios florestais.<\/p>\n<p>De acordo com uma representa\u00e7\u00e3o de um parlamentar da C\u00e2mara Legislativa, o Plano de Preven\u00e7\u00e3o e Combate aos Inc\u00eandios Florestais (PPCIF) do DF n\u00e3o \u00e9 atualizado desde 2016, sendo que o \u00faltimo relat\u00f3rio de avalia\u00e7\u00e3o foi divulgado em 2010. Esses dados levantam d\u00favidas sobre a efic\u00e1cia e os resultados do plano.<\/p>\n<p>A den\u00fancia tamb\u00e9m questiona a pr\u00e1tica anual de publica\u00e7\u00e3o de editais de contrata\u00e7\u00e3o de brigadistas tempor\u00e1rios por 12 meses, em detrimento da realiza\u00e7\u00e3o de concursos p\u00fablicos. Al\u00e9m disso, o documento menciona um d\u00e9ficit de servidores na \u00e1rea de meio ambiente e uma baixa execu\u00e7\u00e3o do or\u00e7amento destinado ao combate a inc\u00eandios florestais.<\/p>\n<p>Para esclarecer essas quest\u00f5es, o Tribunal de Contas vai ouvir a Sema\/DF e o Ibram visando garantir a transpar\u00eancia e a efici\u00eancia na gest\u00e3o dos recursos e das a\u00e7\u00f5es de combate aos inc\u00eandios florestais no DF. A decis\u00e3o foi aprovada, por unanimidade, pelos Conselheiros do TCDF no dia 9 de outubro.<\/p>\n","protected":false},"excerpt":{"rendered":"<p>O Tribunal de Contas do Distrito Federal deu um prazo de 10 dias para que a Secretaria de Meio Ambiente (Sema\/DF) e o Instituto Bras\u00edlia Ambiental (Ibram) respondam sobre poss\u00edveis falhas no planejamento e na publicidade de medidas para combater inc\u00eandios florestais. De acordo com uma representa\u00e7\u00e3o de um parlamentar da C\u00e2mara Legislativa, o Plano [&hellip;]<\/p>\n","protected":false},"author":2,"featured_media":337213,"comment_status":"closed","ping_status":"closed","sticky":false,"template":"","format":"standard","meta":{"_acf_changed":false,"footnotes":""},"categories":[161],"tags":[],"class_list":["post-338927","post","type-post","status-publish","format-standard","has-post-thumbnail","hentry","category-quadradinho-em-foco"],"acf":[],"_links":{"self":[{"href":"https:\/\/www.notibras.com\/site\/wp-json\/wp\/v2\/posts\/338927","targetHints":{"allow":["GET"]}}],"collection":[{"href":"https:\/\/www.notibras.com\/site\/wp-json\/wp\/v2\/posts"}],"about":[{"href":"https:\/\/www.notibras.com\/site\/wp-json\/wp\/v2\/types\/post"}],"author":[{"embeddable":true,"href":"https:\/\/www.notibras.com\/site\/wp-json\/wp\/v2\/users\/2"}],"replies":[{"embeddable":true,"href":"https:\/\/www.notibras.com\/site\/wp-json\/wp\/v2\/comments?post=338927"}],"version-history":[{"count":1,"href":"https:\/\/www.notibras.com\/site\/wp-json\/wp\/v2\/posts\/338927\/revisions"}],"predecessor-version":[{"id":338928,"href":"https:\/\/www.notibras.com\/site\/wp-json\/wp\/v2\/posts\/338927\/revisions\/338928"}],"wp:featuredmedia":[{"embeddable":true,"href":"https:\/\/www.notibras.com\/site\/wp-json\/wp\/v2\/media\/337213"}],"wp:attachment":[{"href":"https:\/\/www.notibras.com\/site\/wp-json\/wp\/v2\/media?parent=338927"}],"wp:term":[{"taxonomy":"category","embeddable":true,"href":"https:\/\/www.notibras.com\/site\/wp-json\/wp\/v2\/categories?post=338927"},{"taxonomy":"post_tag","embeddable":true,"href":"https:\/\/www.notibras.com\/site\/wp-json\/wp\/v2\/tags?post=338927"}],"curies":[{"name":"wp","href":"https:\/\/api.w.org\/{rel}","templated":true}]}}