{"id":338929,"date":"2024-10-19T00:00:43","date_gmt":"2024-10-19T03:00:43","guid":{"rendered":"https:\/\/www.notibras.com\/site\/?p=338929"},"modified":"2024-10-19T09:00:33","modified_gmt":"2024-10-19T12:00:33","slug":"cuidados-essenciais-para-quem-enfrenta-o-cancer-alerta-dentista","status":"publish","type":"post","link":"https:\/\/www.notibras.com\/site\/cuidados-essenciais-para-quem-enfrenta-o-cancer-alerta-dentista\/","title":{"rendered":"Cuidados essenciais para quem enfrenta o c\u00e2ncer, alerta dentista"},"content":{"rendered":"<p>Em meio \u00e0 campanha de conscientiza\u00e7\u00e3o trazida pelo Outubro Rosa, pouco se fala sobre um detalhe que pode fazer toda a diferen\u00e7a na qualidade de vida de quem est\u00e1 em tratamento oncol\u00f3gico: a sa\u00fade bucal. O dentista Rog\u00e9rio Duarte aproveita o momento para lan\u00e7ar um alerta: cuidar da boca \u00e9 muito importante para a qualidade de vida do paciente.<\/p>\n<p>&#8220;Quando falamos de pacientes com c\u00e2ncer, os cuidados bucais s\u00e3o essenciais para evitar complica\u00e7\u00f5es que podem comprometer at\u00e9 o andamento do tratamento&#8221;, diz Dr. Rog\u00e9rio. E ele n\u00e3o est\u00e1 sozinho nesse alerta. Dados do Instituto Nacional de C\u00e2ncer (INCA) apontam que, al\u00e9m dos 704 mil novos casos de c\u00e2ncer esperados no Brasil at\u00e9 2025, s\u00f3 o c\u00e2ncer de boca e de garganta deve atingir mais de 15 mil pessoas por ano.<\/p>\n<p><strong>Por que tanta aten\u00e7\u00e3o?<\/strong><br \/>\nA resposta, segundo o especialista, est\u00e1 nos efeitos colaterais dos tratamentos, como quimioterapia e radioterapia. Quem passa por esses procedimentos pode sofrer com problemas bucais como mucosite (feridas na boca), boca seca, c\u00e1ries e at\u00e9 infec\u00e7\u00f5es.<\/p>\n<p>&#8220;O paciente oncol\u00f3gico, al\u00e9m de lutar contra a doen\u00e7a, muitas vezes enfrenta tamb\u00e9m a dor de feridas que surgem na boca e dificultam atividades simples como comer e falar. A boca seca, outro problema comum, aumenta o risco de c\u00e1ries e infec\u00e7\u00f5es&#8221;, explica Rog\u00e9rio. E tudo isso pode influenciar diretamente no sucesso do tratamento oncol\u00f3gico, j\u00e1 que o corpo precisa estar o mais saud\u00e1vel poss\u00edvel para lidar com os medicamentos.<\/p>\n<p><strong>Boca saud\u00e1vel<\/strong><br \/>\nRog\u00e9rio \u00e9 enf\u00e1tico: uma avalia\u00e7\u00e3o odontol\u00f3gica antes de iniciar o tratamento contra o c\u00e2ncer pode evitar muitas dores de cabe\u00e7a \u2013 literalmente. &#8220;Antes de come\u00e7ar quimioterapia ou radioterapia, o ideal \u00e9 passar por uma avalia\u00e7\u00e3o com o dentista para garantir que n\u00e3o h\u00e1 focos de infec\u00e7\u00e3o. Isso melhora a qualidade de vida do paciente durante o tratamento&#8221;, aconselha.<\/p>\n<p>Al\u00e9m disso, ele destaca que os cuidados devem continuar ao longo de todo o processo de tratamento oncol\u00f3gico. Pacientes que passam por radioterapia na regi\u00e3o da cabe\u00e7a e pesco\u00e7o, por exemplo, precisam evitar certos procedimentos odontol\u00f3gicos, como extra\u00e7\u00f5es dent\u00e1rias, devido ao risco de complica\u00e7\u00f5es mais graves, como a osteonecrose (morte do tecido \u00f3sseo).<\/p>\n<p><strong>Cuidados simples<\/strong><br \/>\nManter a boca saud\u00e1vel durante o tratamento do c\u00e2ncer n\u00e3o exige grandes mudan\u00e7as, segundo Rog\u00e9rio. Ele lista cuidados simples que podem fazer toda a diferen\u00e7a, como manter uma boa higiene bucal, usar enxaguantes adequados e seguir \u00e0 risca as recomenda\u00e7\u00f5es do dentista. O acompanhamento constante \u00e9 fundamental para prevenir e tratar qualquer altera\u00e7\u00e3o que surja durante o tratamento oncol\u00f3gico.<\/p>\n<p>Al\u00e9m dos cuidados bucais essenciais, Rog\u00e9rio tamb\u00e9m ressalta sobre a import\u00e2ncia de tratamentos voltados para a est\u00e9tica e a reabilita\u00e7\u00e3o da autoestima dos pacientes ap\u00f3s o tratamento oncol\u00f3gico. Procedimentos como clareamento dental, restaura\u00e7\u00f5es est\u00e9ticas e reabilita\u00e7\u00e3o oral podem ser iniciados assim que o tratamento m\u00e9dico principal \u00e9 finalizado e com a devida autoriza\u00e7\u00e3o da equipe de oncologia. &#8220;A recupera\u00e7\u00e3o da autoestima \u00e9 fundamental nesse processo. Ver-se com um sorriso renovado ajuda a enfrentar essa nova fase da vida com mais confian\u00e7a, o que pode ser t\u00e3o importante quanto a pr\u00f3pria recupera\u00e7\u00e3o f\u00edsica&#8221;, ressalta o dentista.<\/p>\n<p>&nbsp;<\/p>\n","protected":false},"excerpt":{"rendered":"<p>Em meio \u00e0 campanha de conscientiza\u00e7\u00e3o trazida pelo Outubro Rosa, pouco se fala sobre um detalhe que pode fazer toda a diferen\u00e7a na qualidade de vida de quem est\u00e1 em tratamento oncol\u00f3gico: a sa\u00fade bucal. O dentista Rog\u00e9rio Duarte aproveita o momento para lan\u00e7ar um alerta: cuidar da boca \u00e9 muito importante para a qualidade [&hellip;]<\/p>\n","protected":false},"author":2,"featured_media":162615,"comment_status":"closed","ping_status":"closed","sticky":false,"template":"","format":"standard","meta":{"_acf_changed":false,"footnotes":""},"categories":[161],"tags":[],"class_list":["post-338929","post","type-post","status-publish","format-standard","has-post-thumbnail","hentry","category-quadradinho-em-foco"],"acf":[],"_links":{"self":[{"href":"https:\/\/www.notibras.com\/site\/wp-json\/wp\/v2\/posts\/338929","targetHints":{"allow":["GET"]}}],"collection":[{"href":"https:\/\/www.notibras.com\/site\/wp-json\/wp\/v2\/posts"}],"about":[{"href":"https:\/\/www.notibras.com\/site\/wp-json\/wp\/v2\/types\/post"}],"author":[{"embeddable":true,"href":"https:\/\/www.notibras.com\/site\/wp-json\/wp\/v2\/users\/2"}],"replies":[{"embeddable":true,"href":"https:\/\/www.notibras.com\/site\/wp-json\/wp\/v2\/comments?post=338929"}],"version-history":[{"count":1,"href":"https:\/\/www.notibras.com\/site\/wp-json\/wp\/v2\/posts\/338929\/revisions"}],"predecessor-version":[{"id":338930,"href":"https:\/\/www.notibras.com\/site\/wp-json\/wp\/v2\/posts\/338929\/revisions\/338930"}],"wp:featuredmedia":[{"embeddable":true,"href":"https:\/\/www.notibras.com\/site\/wp-json\/wp\/v2\/media\/162615"}],"wp:attachment":[{"href":"https:\/\/www.notibras.com\/site\/wp-json\/wp\/v2\/media?parent=338929"}],"wp:term":[{"taxonomy":"category","embeddable":true,"href":"https:\/\/www.notibras.com\/site\/wp-json\/wp\/v2\/categories?post=338929"},{"taxonomy":"post_tag","embeddable":true,"href":"https:\/\/www.notibras.com\/site\/wp-json\/wp\/v2\/tags?post=338929"}],"curies":[{"name":"wp","href":"https:\/\/api.w.org\/{rel}","templated":true}]}}