{"id":338934,"date":"2024-10-19T00:00:57","date_gmt":"2024-10-19T03:00:57","guid":{"rendered":"https:\/\/www.notibras.com\/site\/?p=338934"},"modified":"2024-10-19T09:14:17","modified_gmt":"2024-10-19T12:14:17","slug":"sabado-e-dia-de-vacinar-contra-a-dengue-e-outras-doencas-contagiosas","status":"publish","type":"post","link":"https:\/\/www.notibras.com\/site\/sabado-e-dia-de-vacinar-contra-a-dengue-e-outras-doencas-contagiosas\/","title":{"rendered":"S\u00e1bado \u00e9 dia de vacinar contra a dengue e outras doen\u00e7as contagiosas"},"content":{"rendered":"<p>Dias de chuva \u00e0 vista, e a popula\u00e7\u00e3o deve redobrar os cuidados contra o Aedes aegypti, mosquito transmissor da dengue. Para evitar casos graves da doen\u00e7a, os moradores do Distrito Federal poder\u00e3o levar crian\u00e7as e adolescentes, de 10 a 14 anos, para tomar a vacina neste s\u00e1bado (19), em diversos pontos disponibilizados pela Secretaria de Sa\u00fade.<\/p>\n<p>Ao todo, ser\u00e3o 60 locais de atendimento, que tamb\u00e9m oferecer\u00e3o doses contra a gripe (influenza), a covid-19 e outras doen\u00e7as, conforme o indicado a cada faixa et\u00e1ria. Acesse a p\u00e1gina da SES-DF para conferir os hor\u00e1rios, os endere\u00e7os e quais vacinas estar\u00e3o dispon\u00edveis em cada lugar. A orienta\u00e7\u00e3o \u00e9 levar documento de identidade e, se poss\u00edvel, a caderneta de vacina\u00e7\u00e3o.<\/p>\n<p>Entre os pontos de atendimento est\u00e3o unidades b\u00e1sicas de sa\u00fade (UBSs) do Gama, Sobradinho, Fercal, Santa Maria, Ceil\u00e2ndia, Brazl\u00e2ndia, Asa Norte, Asa Sul, Cruzeiro, Guar\u00e1, Candangol\u00e2ndia, N\u00facleo Bandeirante, Riacho Fundo, Riacho Fundo II, Taguatinga, Samambaia e Recanto das Emas. O destaque vai para as a\u00e7\u00f5es fora das salas de vacina, no Instituto Filhos do Rei, no Sol Nascente; no Taguaparque, em Taguatinga; e no estacionamento do Banco do Brasil, no Recanto das Emas.<\/p>\n","protected":false},"excerpt":{"rendered":"<p>Dias de chuva \u00e0 vista, e a popula\u00e7\u00e3o deve redobrar os cuidados contra o Aedes aegypti, mosquito transmissor da dengue. Para evitar casos graves da doen\u00e7a, os moradores do Distrito Federal poder\u00e3o levar crian\u00e7as e adolescentes, de 10 a 14 anos, para tomar a vacina neste s\u00e1bado (19), em diversos pontos disponibilizados pela Secretaria de [&hellip;]<\/p>\n","protected":false},"author":2,"featured_media":338935,"comment_status":"closed","ping_status":"closed","sticky":false,"template":"","format":"standard","meta":{"_acf_changed":false,"footnotes":""},"categories":[161],"tags":[],"class_list":["post-338934","post","type-post","status-publish","format-standard","has-post-thumbnail","hentry","category-quadradinho-em-foco"],"acf":[],"_links":{"self":[{"href":"https:\/\/www.notibras.com\/site\/wp-json\/wp\/v2\/posts\/338934","targetHints":{"allow":["GET"]}}],"collection":[{"href":"https:\/\/www.notibras.com\/site\/wp-json\/wp\/v2\/posts"}],"about":[{"href":"https:\/\/www.notibras.com\/site\/wp-json\/wp\/v2\/types\/post"}],"author":[{"embeddable":true,"href":"https:\/\/www.notibras.com\/site\/wp-json\/wp\/v2\/users\/2"}],"replies":[{"embeddable":true,"href":"https:\/\/www.notibras.com\/site\/wp-json\/wp\/v2\/comments?post=338934"}],"version-history":[{"count":1,"href":"https:\/\/www.notibras.com\/site\/wp-json\/wp\/v2\/posts\/338934\/revisions"}],"predecessor-version":[{"id":338936,"href":"https:\/\/www.notibras.com\/site\/wp-json\/wp\/v2\/posts\/338934\/revisions\/338936"}],"wp:featuredmedia":[{"embeddable":true,"href":"https:\/\/www.notibras.com\/site\/wp-json\/wp\/v2\/media\/338935"}],"wp:attachment":[{"href":"https:\/\/www.notibras.com\/site\/wp-json\/wp\/v2\/media?parent=338934"}],"wp:term":[{"taxonomy":"category","embeddable":true,"href":"https:\/\/www.notibras.com\/site\/wp-json\/wp\/v2\/categories?post=338934"},{"taxonomy":"post_tag","embeddable":true,"href":"https:\/\/www.notibras.com\/site\/wp-json\/wp\/v2\/tags?post=338934"}],"curies":[{"name":"wp","href":"https:\/\/api.w.org\/{rel}","templated":true}]}}